{"id":5684,"date":"2016-07-03T20:27:02","date_gmt":"2016-07-03T23:27:02","guid":{"rendered":"https:\/\/eldiariodesanpedro.com.ar\/sitio\/?p=5684"},"modified":"2016-07-03T20:27:02","modified_gmt":"2016-07-03T23:27:02","slug":"semillas-citricas-para-viveristas","status":"publish","type":"post","link":"https:\/\/eldiariodesanpedro.com.ar\/sitio\/semillas-citricas-para-viveristas\/","title":{"rendered":"Semillas c\u00edtricas para viveristas"},"content":{"rendered":"<p><!-- VideographyWP Plugin Message: Automatic video embedding prevented by plugin options. --><br \/>\nINTA San Pedro abre el registro para los interesados en la compra de semillas de portainjerto c\u00edtrico. A partir de julio, el Centro de Incremento Regional de Material C\u00edtrico (CIR) local dispondr\u00e1 de semillas certificadas de Trifolio Concordia (flor grande). Se recibir\u00e1n solicitudes entre el 4 y el 8 de julio.<br \/>\nDesde hace m\u00e1s de diez a\u00f1os el INTA San Pedro, a trav\u00e9s de su Asociaci\u00f3n Cooperadora, dispone materiales certificados en su sanidad y variedad para los viveristas de la regi\u00f3n. \u201cHasta el momento y a lo largo de este tiempo hemos entregado yemas y plantines, pero desde 2016 sumamos la entrega de semillas\u201d, coment\u00f3 Leonardo Garc\u00eda, responsable del CIR en INTA San Pedro. \u201cLa calidad sanitaria es obtenida despu\u00e9s de un test de un a\u00f1o de duraci\u00f3n realizado en el Centro de Introducci\u00f3n y Saneamiento de la Estaci\u00f3n Experimental de INTA Concordia, que determina que las plantas que proveen semillas no se encuentren afectadas por la psorosis, la \u00fanica enfermedad transmitida por semillas\u201d, ampli\u00f3 Garc\u00eda.<br \/>\nLa particularidad de esta semilla (Poncirus trifoliata) es su corta vida y por consiguiente su r\u00e1pida p\u00e9rdida de viabilidad, lo que produce dificultades para su conservaci\u00f3n en pr\u00e1cticas de vivero. \u201cAdem\u00e1s, no tolera la deshidrataci\u00f3n y el secado debe realizarse de manera controlada\u201d, explic\u00f3 Garc\u00eda. Para lograr altos porcentajes de germinaci\u00f3n y pl\u00e1ntulas logradas, se recomienda su siembra en lo inmediato y en sustratos de alta porosidad, de ser necesaria su conservaci\u00f3n hacerlo a temperaturas de 4 a 7\u00b0C.<\/p>\n","protected":false},"excerpt":{"rendered":"<p>INTA San Pedro abre el registro para los interesados en la compra de semillas de portainjerto c\u00edtrico. A partir de julio, el Centro de Incremento Regional de Material C\u00edtrico (CIR) local dispondr\u00e1 de semillas certificadas de Trifolio Concordia (flor grande). Se recibir\u00e1n solicitudes entre el 4 y el 8 de julio. Desde hace m\u00e1s de [&hellip;]<\/p>\n","protected":false},"author":4,"featured_media":5685,"comment_status":"open","ping_status":"closed","sticky":false,"template":"","format":"standard","meta":{"om_disable_all_campaigns":false,"_jetpack_memberships_contains_paid_content":false,"footnotes":""},"categories":[101,2],"tags":[],"class_list":["post-5684","post","type-post","status-publish","format-standard","has-post-thumbnail","hentry","category-interes-general-locales","category-locales"],"aioseo_notices":[],"gutentor_comment":0,"jetpack_featured_media_url":"https:\/\/eldiariodesanpedro.com.ar\/sitio\/wp-content\/uploads\/2016\/07\/bbx_817669149_1_img_2382.jpg","jetpack_shortlink":"https:\/\/wp.me\/p6RhLt-1tG","jetpack_sharing_enabled":true,"_links":{"self":[{"href":"https:\/\/eldiariodesanpedro.com.ar\/sitio\/wp-json\/wp\/v2\/posts\/5684","targetHints":{"allow":["GET"]}}],"collection":[{"href":"https:\/\/eldiariodesanpedro.com.ar\/sitio\/wp-json\/wp\/v2\/posts"}],"about":[{"href":"https:\/\/eldiariodesanpedro.com.ar\/sitio\/wp-json\/wp\/v2\/types\/post"}],"author":[{"embeddable":true,"href":"https:\/\/eldiariodesanpedro.com.ar\/sitio\/wp-json\/wp\/v2\/users\/4"}],"replies":[{"embeddable":true,"href":"https:\/\/eldiariodesanpedro.com.ar\/sitio\/wp-json\/wp\/v2\/comments?post=5684"}],"version-history":[{"count":1,"href":"https:\/\/eldiariodesanpedro.com.ar\/sitio\/wp-json\/wp\/v2\/posts\/5684\/revisions"}],"predecessor-version":[{"id":5686,"href":"https:\/\/eldiariodesanpedro.com.ar\/sitio\/wp-json\/wp\/v2\/posts\/5684\/revisions\/5686"}],"wp:featuredmedia":[{"embeddable":true,"href":"https:\/\/eldiariodesanpedro.com.ar\/sitio\/wp-json\/wp\/v2\/media\/5685"}],"wp:attachment":[{"href":"https:\/\/eldiariodesanpedro.com.ar\/sitio\/wp-json\/wp\/v2\/media?parent=5684"}],"wp:term":[{"taxonomy":"category","embeddable":true,"href":"https:\/\/eldiariodesanpedro.com.ar\/sitio\/wp-json\/wp\/v2\/categories?post=5684"},{"taxonomy":"post_tag","embeddable":true,"href":"https:\/\/eldiariodesanpedro.com.ar\/sitio\/wp-json\/wp\/v2\/tags?post=5684"}],"curies":[{"name":"wp","href":"https:\/\/api.w.org\/{rel}","templated":true}]}}