{"id":56827,"date":"2019-07-24T12:48:56","date_gmt":"2019-07-24T15:48:56","guid":{"rendered":"https:\/\/eldiariodesanpedro.com.ar\/sitio\/?p=56827"},"modified":"2019-07-24T12:49:00","modified_gmt":"2019-07-24T15:49:00","slug":"baradero-donto-otro-conflicto-por-falta-de-pago","status":"publish","type":"post","link":"https:\/\/eldiariodesanpedro.com.ar\/sitio\/baradero-donto-otro-conflicto-por-falta-de-pago\/","title":{"rendered":"BARADERO | Donto: Otro conflicto por falta de pago"},"content":{"rendered":"<!-- VideographyWP Plugin Message: Automatic video embedding prevented by plugin options. -->\n\n<p>A partir del ingreso del turno matutino de hoy mi\u00e9rcoles, los trabajadores de la empresa Donto, comenzaron un paro de actividades por la falta de pago de la quincena.<\/p>\n\n\n\n<p>Acompa\u00f1ados en la medida por el sindicato de curtidores, los obreros ingresaron a la planta pero no realizaron tarea alguna.<\/p>\n\n\n\n<p>El motivo de la medida de fuerza tiene que ver con la demora del pago de la quincena que deb\u00eda estar depositada el pasado viernes y al d\u00eda de hoy todav\u00eda no se hizo efectivo.<\/p>\n\n\n\n<p>Esto se suma a problem\u00e1ticas similares que ya sufrieron los trabajadores, el a\u00f1o pasado y principio de este por parte de la empresa.<\/p>\n\n\n\n<p>El paro por ahora es por tiempo indeterminado y que ser\u00e1 levantado en caso de que la curtiembre haga efectivo el pago.<\/p>\n\n\n\n<p>Fuente: <a href=\"https:\/\/www.baraderoteinforma.com.ar\/donto-otro-conflicto-por-falta-de-pago\/\">Baradero Te Informa<\/a><\/p>\n","protected":false},"excerpt":{"rendered":"<p>A partir del ingreso del turno matutino de hoy mi\u00e9rcoles, los trabajadores de la empresa Donto, comenzaron un paro de actividades por la falta de pago de la quincena. Acompa\u00f1ados en la medida por el sindicato de curtidores, los obreros ingresaron a la planta pero no realizaron tarea alguna. El motivo de la medida de [&hellip;]<\/p>\n","protected":false},"author":4,"featured_media":56828,"comment_status":"open","ping_status":"closed","sticky":false,"template":"","format":"standard","meta":{"om_disable_all_campaigns":false,"_jetpack_memberships_contains_paid_content":false,"footnotes":""},"categories":[621],"tags":[],"class_list":["post-56827","post","type-post","status-publish","format-standard","has-post-thumbnail","hentry","category-regionales"],"aioseo_notices":[],"gutentor_comment":0,"jetpack_featured_media_url":"https:\/\/eldiariodesanpedro.com.ar\/sitio\/wp-content\/uploads\/2019\/07\/40349.jpg","jetpack_shortlink":"https:\/\/wp.me\/p6RhLt-eMz","jetpack_sharing_enabled":true,"_links":{"self":[{"href":"https:\/\/eldiariodesanpedro.com.ar\/sitio\/wp-json\/wp\/v2\/posts\/56827","targetHints":{"allow":["GET"]}}],"collection":[{"href":"https:\/\/eldiariodesanpedro.com.ar\/sitio\/wp-json\/wp\/v2\/posts"}],"about":[{"href":"https:\/\/eldiariodesanpedro.com.ar\/sitio\/wp-json\/wp\/v2\/types\/post"}],"author":[{"embeddable":true,"href":"https:\/\/eldiariodesanpedro.com.ar\/sitio\/wp-json\/wp\/v2\/users\/4"}],"replies":[{"embeddable":true,"href":"https:\/\/eldiariodesanpedro.com.ar\/sitio\/wp-json\/wp\/v2\/comments?post=56827"}],"version-history":[{"count":1,"href":"https:\/\/eldiariodesanpedro.com.ar\/sitio\/wp-json\/wp\/v2\/posts\/56827\/revisions"}],"predecessor-version":[{"id":56829,"href":"https:\/\/eldiariodesanpedro.com.ar\/sitio\/wp-json\/wp\/v2\/posts\/56827\/revisions\/56829"}],"wp:featuredmedia":[{"embeddable":true,"href":"https:\/\/eldiariodesanpedro.com.ar\/sitio\/wp-json\/wp\/v2\/media\/56828"}],"wp:attachment":[{"href":"https:\/\/eldiariodesanpedro.com.ar\/sitio\/wp-json\/wp\/v2\/media?parent=56827"}],"wp:term":[{"taxonomy":"category","embeddable":true,"href":"https:\/\/eldiariodesanpedro.com.ar\/sitio\/wp-json\/wp\/v2\/categories?post=56827"},{"taxonomy":"post_tag","embeddable":true,"href":"https:\/\/eldiariodesanpedro.com.ar\/sitio\/wp-json\/wp\/v2\/tags?post=56827"}],"curies":[{"name":"wp","href":"https:\/\/api.w.org\/{rel}","templated":true}]}}