{"id":56824,"date":"2019-07-24T12:46:49","date_gmt":"2019-07-24T15:46:49","guid":{"rendered":"https:\/\/eldiariodesanpedro.com.ar\/sitio\/?p=56824"},"modified":"2019-07-24T12:46:53","modified_gmt":"2019-07-24T15:46:53","slug":"inseguridad-subieron-50-los-secuestros-extorsivos-y-mas-del-60-los-robos","status":"publish","type":"post","link":"https:\/\/eldiariodesanpedro.com.ar\/sitio\/inseguridad-subieron-50-los-secuestros-extorsivos-y-mas-del-60-los-robos\/","title":{"rendered":"Inseguridad: subieron 50% los secuestros extorsivos y m\u00e1s del 60% los robos"},"content":{"rendered":"<!-- VideographyWP Plugin Message: Automatic video embedding prevented by plugin options. -->\n\n<p><strong>Pese a las afirmaciones de Ritondo, el informe anual de la Procuraci\u00f3n revel\u00f3 una fuerte suba del delito en el territorio bonaerense. Los datos corresponden a 2018, en comparaci\u00f3n con 2017.<\/strong><\/p>\n\n\n\n<p>Un relevamiento de la Procuraci\u00f3n General de la provincia de Buenos Aires revel\u00f3 un fuerte aumento del delito bajo la gesti\u00f3n de Cristian Ritondo. De acuerdo al informe oficial, los secuestros extorsivos aumentaron en 2018 un 50 por ciento, mientras que los robos registraron un incremento del 63 por ciento.<\/p>\n\n\n\n<p>Los datos del informe anual del Departamento de Estad\u00edsticas de la Procuraci\u00f3n sobre el fuero criminal y correccional muestran la variaci\u00f3n de los \u00edndices delictivos entre 2017 y 2018 en la provincia gobernada por Mar\u00eda Eugenia Vidal.<\/p>\n\n\n\n<p>Los datos oficiales tambi\u00e9n revelaron un aumento del 6,6 por ciento de las investigaciones penales preparatorias (IPP) iniciadas por bien jur\u00eddico protegido y por departamento judicial. Seg\u00fan el informe, en 2018 se realizaron 850.908 IPP, un 6,6 por ciento m\u00e1s que las 798.485 de 2017 en los 19 departamentos judiciales de la Provincia, con preponderancia de Lomas de Zamora, donde hubo 150.651.<\/p>\n\n\n\n<p>Entre los hechos delictivos que m\u00e1s aumentaron est\u00e1n los considerados como \u00abotros hurtos agravados\u00bb (en los que hay mayoritariamente uso de arma blanca), con un 63,3 por ciento anual en 2018, hasta los 1336 casos. En el segundo lugar del podio de los delitos que m\u00e1s crecieron en porcentaje se ubicaron las estafas, con un alza del 55,4 por ciento, hasta los 12.971 casos; y en tercer lugar se ubican los secuestros extorsivos, con un incremento del 50 por ciento, dado que pasaron de 36 a 54 casos.<\/p>\n\n\n\n<p>El informe de la Procuraci\u00f3n indica que el delito m\u00e1s denunciado y por el que m\u00e1s IPP se iniciaron es el caratulado como \u00abrobo\u00bb: en 2018 hubo 86.935 casos, lo que representa un aumento de 12.778 episodios respecto del 2017.<\/p>\n\n\n\n<p>En tanto, en 2018 hubo unos 15.292 casos m\u00e1s de hurto que en 2017, alcanzando los 67.022 hechos en el territorio bonaerense; asimismo, el robo agravado por el uso de arma de fuego se increment\u00f3 3,8 por ciento, al pasar de 51.408 casos en 2017 a 53.348 en 2018.<\/p>\n\n\n\n<p>Por otro lado, siempre seg\u00fan los datos oficiales, al menos 36.662 veh\u00edculos que estaban estacionados en la v\u00eda p\u00fablica en alg\u00fan rinc\u00f3n de la Provincia sufrieron alg\u00fan tipo de \u00abhurto agravado\u00bb, es decir, un 5 por ciento m\u00e1s que en 2017. Entre los delitos contra las personas, los homicidios cayeron un 5,1 por ciento, a 1.388 casos; los homicidio criminis causa bajaron 5,7 por ciento, a 165 hechos; los homicidios agravados aumentaron 5,1 por ciento; y los homicidios en ocasi\u00f3n de robo se dispararon 25 por ciento mientras que los homicidios culposos ascendieron 9,3 por ciento.<\/p>\n\n\n\n<p>El informe de la Procuraci\u00f3n desminti\u00f3 las afirmaciones de Ritondo, que asegur\u00f3 que el delito de secuestro baj\u00f3 a \u00abcero\u00bb en la Provincia. El primer precandidato a diputado nacional de Juntos por el Cambio defendi\u00f3 su gesti\u00f3n al frente del ministerio de Seguridad al responder a las acusaciones de Fernando Espinoza, que advirti\u00f3 que los secuestros crecieron un 32 por ciento seg\u00fan la UCA.<\/p>\n\n\n\n<p><strong>Fuente:\u00a0<\/strong><a href=\"http:\/\/www.zaratealerta.com.ar\/2019\/07\/22\/inseguridad-en-la-provincia-subieron-50-los-secuestros-extorsivos-y-mas-del-60-los-robos\/\">Noticias Z\u00e1rate Alerta\u00a0 <\/a><\/p>\n","protected":false},"excerpt":{"rendered":"<p>Pese a las afirmaciones de Ritondo, el informe anual de la Procuraci\u00f3n revel\u00f3 una fuerte suba del delito en el territorio bonaerense. Los datos corresponden a 2018, en comparaci\u00f3n con 2017. Un relevamiento de la Procuraci\u00f3n General de la provincia de Buenos Aires revel\u00f3 un fuerte aumento del delito bajo la gesti\u00f3n de Cristian Ritondo. [&hellip;]<\/p>\n","protected":false},"author":4,"featured_media":56825,"comment_status":"open","ping_status":"closed","sticky":false,"template":"","format":"standard","meta":{"om_disable_all_campaigns":false,"_jetpack_memberships_contains_paid_content":false,"footnotes":""},"categories":[621],"tags":[],"class_list":["post-56824","post","type-post","status-publish","format-standard","has-post-thumbnail","hentry","category-regionales"],"aioseo_notices":[],"gutentor_comment":0,"jetpack_featured_media_url":"https:\/\/eldiariodesanpedro.com.ar\/sitio\/wp-content\/uploads\/2019\/07\/5db0417cb0d9825b28d93a061fc83098-1024x618.jpg","jetpack_shortlink":"https:\/\/wp.me\/p6RhLt-eMw","jetpack_sharing_enabled":true,"_links":{"self":[{"href":"https:\/\/eldiariodesanpedro.com.ar\/sitio\/wp-json\/wp\/v2\/posts\/56824","targetHints":{"allow":["GET"]}}],"collection":[{"href":"https:\/\/eldiariodesanpedro.com.ar\/sitio\/wp-json\/wp\/v2\/posts"}],"about":[{"href":"https:\/\/eldiariodesanpedro.com.ar\/sitio\/wp-json\/wp\/v2\/types\/post"}],"author":[{"embeddable":true,"href":"https:\/\/eldiariodesanpedro.com.ar\/sitio\/wp-json\/wp\/v2\/users\/4"}],"replies":[{"embeddable":true,"href":"https:\/\/eldiariodesanpedro.com.ar\/sitio\/wp-json\/wp\/v2\/comments?post=56824"}],"version-history":[{"count":1,"href":"https:\/\/eldiariodesanpedro.com.ar\/sitio\/wp-json\/wp\/v2\/posts\/56824\/revisions"}],"predecessor-version":[{"id":56826,"href":"https:\/\/eldiariodesanpedro.com.ar\/sitio\/wp-json\/wp\/v2\/posts\/56824\/revisions\/56826"}],"wp:featuredmedia":[{"embeddable":true,"href":"https:\/\/eldiariodesanpedro.com.ar\/sitio\/wp-json\/wp\/v2\/media\/56825"}],"wp:attachment":[{"href":"https:\/\/eldiariodesanpedro.com.ar\/sitio\/wp-json\/wp\/v2\/media?parent=56824"}],"wp:term":[{"taxonomy":"category","embeddable":true,"href":"https:\/\/eldiariodesanpedro.com.ar\/sitio\/wp-json\/wp\/v2\/categories?post=56824"},{"taxonomy":"post_tag","embeddable":true,"href":"https:\/\/eldiariodesanpedro.com.ar\/sitio\/wp-json\/wp\/v2\/tags?post=56824"}],"curies":[{"name":"wp","href":"https:\/\/api.w.org\/{rel}","templated":true}]}}