{"id":56818,"date":"2019-07-24T12:34:43","date_gmt":"2019-07-24T15:34:43","guid":{"rendered":"https:\/\/eldiariodesanpedro.com.ar\/sitio\/?p=56818"},"modified":"2019-07-24T12:34:47","modified_gmt":"2019-07-24T15:34:47","slug":"rojas-en-la-comisaria-de-rojas-se-esta-dando-una-reedicion-de-locademia-de-policia","status":"publish","type":"post","link":"https:\/\/eldiariodesanpedro.com.ar\/sitio\/rojas-en-la-comisaria-de-rojas-se-esta-dando-una-reedicion-de-locademia-de-policia\/","title":{"rendered":"ROJAS | En la comisar\u00eda de Rojas se est\u00e1 dando una reedici\u00f3n de \u00abLocademia de Polic\u00eda\u00bb"},"content":{"rendered":"<!-- VideographyWP Plugin Message: Automatic video embedding prevented by plugin options. -->\n\n<p>Jugando con el t\u00edtulo de la reconocida y exitosa pel\u00edcula de d\u00e9cadas atr\u00e1s, la palabra \u201cLocademia\u201d bien podr\u00eda caberles a algunas oficiales a las que el poder les nubla la raz\u00f3n. Tal es el caso, por ejemplo, de&nbsp;<strong>Yamila Palacios,<\/strong>&nbsp;que actualmente se encuentra desafectada del servicio por los m\u00faltiples sumarios que se tramitan en su contra y a quien la sucedi\u00f3 en el cargo la jefa de calle llamada&nbsp;<strong>Elizabeth Puzzo.<\/strong><\/p>\n\n\n\n<p>Esta \u00faltima ha seguido con las malas pr\u00e1cticas de su antecesora, maltratando a sus compa\u00f1eros con insultos y amenazas, abusando del uso del patrullero que tiene asignado con actividades privadas, qued\u00e1ndose con mercader\u00eda que decomisan a los vendedores ambulantes, entre las irregularidades m\u00e1s notorias que, en la m\u00e1s estricta reserva, algunos agentes habr\u00edan denunciado en asuntos internos en la ciudad de La Plata.<\/p>\n\n\n\n<p>Precisamente esta novedad, que se habr\u00eda concretado la semana pasada, ha agravado los acosos a los que esta oficial Puzzo somete a sus compa\u00f1eros apa\u00f1ada por sus jefes, coincidiendo los denunciantes en se\u00f1alar a un sub comisario que se llamar\u00eda&nbsp;<strong>Marcos Vel\u00e1zquez<\/strong>.<\/p>\n\n\n\n<p>Hay una famosa novela de Garc\u00eda M\u00e1rquez que se titula \u201cEl Coronel no tiene quien le escriba\u201d, y en este caso, \u201cYamila Palacios s\u00ed tiene quien la siga\u201d. Ficci\u00f3n y realidad.<\/p>\n\n\n\n<p>Fuente: <a href=\"http:\/\/www.ramallociudad.com.ar\/nota.asp?id=72744&amp;t=En-la-comisaria-de-Rojas-se-esta-dando-una-reedicion-de-Locademia-de-Policia\">Ramallo Ciudad<\/a><\/p>\n","protected":false},"excerpt":{"rendered":"<p>Jugando con el t\u00edtulo de la reconocida y exitosa pel\u00edcula de d\u00e9cadas atr\u00e1s, la palabra \u201cLocademia\u201d bien podr\u00eda caberles a algunas oficiales a las que el poder les nubla la raz\u00f3n. Tal es el caso, por ejemplo, de&nbsp;Yamila Palacios,&nbsp;que actualmente se encuentra desafectada del servicio por los m\u00faltiples sumarios que se tramitan en su contra [&hellip;]<\/p>\n","protected":false},"author":4,"featured_media":56819,"comment_status":"open","ping_status":"closed","sticky":false,"template":"","format":"standard","meta":{"om_disable_all_campaigns":false,"_jetpack_memberships_contains_paid_content":false,"footnotes":""},"categories":[621],"tags":[],"class_list":["post-56818","post","type-post","status-publish","format-standard","has-post-thumbnail","hentry","category-regionales"],"aioseo_notices":[],"gutentor_comment":0,"jetpack_featured_media_url":"https:\/\/eldiariodesanpedro.com.ar\/sitio\/wp-content\/uploads\/2019\/07\/bbx_774443610_1_20180804_193958.jpg","jetpack_shortlink":"https:\/\/wp.me\/p6RhLt-eMq","jetpack_sharing_enabled":true,"_links":{"self":[{"href":"https:\/\/eldiariodesanpedro.com.ar\/sitio\/wp-json\/wp\/v2\/posts\/56818","targetHints":{"allow":["GET"]}}],"collection":[{"href":"https:\/\/eldiariodesanpedro.com.ar\/sitio\/wp-json\/wp\/v2\/posts"}],"about":[{"href":"https:\/\/eldiariodesanpedro.com.ar\/sitio\/wp-json\/wp\/v2\/types\/post"}],"author":[{"embeddable":true,"href":"https:\/\/eldiariodesanpedro.com.ar\/sitio\/wp-json\/wp\/v2\/users\/4"}],"replies":[{"embeddable":true,"href":"https:\/\/eldiariodesanpedro.com.ar\/sitio\/wp-json\/wp\/v2\/comments?post=56818"}],"version-history":[{"count":1,"href":"https:\/\/eldiariodesanpedro.com.ar\/sitio\/wp-json\/wp\/v2\/posts\/56818\/revisions"}],"predecessor-version":[{"id":56820,"href":"https:\/\/eldiariodesanpedro.com.ar\/sitio\/wp-json\/wp\/v2\/posts\/56818\/revisions\/56820"}],"wp:featuredmedia":[{"embeddable":true,"href":"https:\/\/eldiariodesanpedro.com.ar\/sitio\/wp-json\/wp\/v2\/media\/56819"}],"wp:attachment":[{"href":"https:\/\/eldiariodesanpedro.com.ar\/sitio\/wp-json\/wp\/v2\/media?parent=56818"}],"wp:term":[{"taxonomy":"category","embeddable":true,"href":"https:\/\/eldiariodesanpedro.com.ar\/sitio\/wp-json\/wp\/v2\/categories?post=56818"},{"taxonomy":"post_tag","embeddable":true,"href":"https:\/\/eldiariodesanpedro.com.ar\/sitio\/wp-json\/wp\/v2\/tags?post=56818"}],"curies":[{"name":"wp","href":"https:\/\/api.w.org\/{rel}","templated":true}]}}