{"id":56815,"date":"2019-07-24T12:31:24","date_gmt":"2019-07-24T15:31:24","guid":{"rendered":"https:\/\/eldiariodesanpedro.com.ar\/sitio\/?p=56815"},"modified":"2019-07-24T12:31:29","modified_gmt":"2019-07-24T15:31:29","slug":"ramallo-anuncian-la-puesta-en-valor-del-paseo-de-los-olivos","status":"publish","type":"post","link":"https:\/\/eldiariodesanpedro.com.ar\/sitio\/ramallo-anuncian-la-puesta-en-valor-del-paseo-de-los-olivos\/","title":{"rendered":"RAMALLO | Anuncian la puesta en valor del Paseo de los Olivos"},"content":{"rendered":"<!-- VideographyWP Plugin Message: Automatic video embedding prevented by plugin options. -->\n\n<p>El intendente&nbsp;<strong>Mauro Poletti<\/strong>&nbsp;y el secretario de Obras y Servicio P\u00fablicos,&nbsp;<strong>Leandro Torri<\/strong>, anunciaron la puesta en valor del Paseo de los Olivos.<\/p>\n\n\n\n<p>\u201cA trav\u00e9s de gestiones privadas y del Estado municipal buscamos poner en valor esta hermosa zona de Ramallo. En lo que concierne a lo privado hay un proyecto para erradicar\u00a0 la arenera que se encuentra en el Paseo del Puerto con una inversi\u00f3n de privados y un desarrollo inmobiliario, con lo cual el ejecutivo estar\u00e1 enviando un proyecto de ordenanza al Concejo Deliberante para que sea tratado. La operaci\u00f3n de los privados est\u00e1 supeditada a la aprobaci\u00f3n\u00a0 del concejo, si se aprueba la ordenanza se va a llevar adelante la mudanza de la arenera\u201d, manifest\u00f3 el intendente.<\/p>\n\n\n\n<p>\u00abCon nuestros abogados armamos un escrito porque le tenemos que pedir a la Provincia la administraci\u00f3n del aluvional debajo de la barranca para poder llamar a licitaci\u00f3n y poder intervenir en esa zona\u201d, a\u00f1adi\u00f3, para luego dar cuenta que \u201ctener la administraci\u00f3n nos va a permitir llamar a licitaci\u00f3n para el desarrollo de esa zona. Hay dos o tres privados dispuestos a invertir\u201d.<\/p>\n\n\n\n<p>Tambi\u00e9n dijo que hay preacuerdo con un privado para una importante inversi\u00f3n. \u201cSe trata de un proyecto para construir un edificio en la zona de la arenera del Puerto Municipal, previamente habr\u00eda que aprobar el cambio de zonificaci\u00f3n en el Concejo Deliberante. La mudanza de la arenera llevar\u00eda entre un a\u00f1o y medio y dos\u201d, ponder\u00f3.<\/p>\n\n\n\n<p>Leandro Torri dijo que una vez mudada la arenera \u201ctenemos planificado el asfaltado de los barrios Defensores de Victoria y Pe\u00f1a Horno Viejo\u201d.<\/p>\n\n\n\n<p>Fuente: <a href=\"http:\/\/www.ramallociudad.com.ar\/nota.asp?id=72746&amp;t=Anuncian-la-puesta-en-valor-del-Paseo-de-los-Olivos\">Ramallo Ciudad<\/a><\/p>\n","protected":false},"excerpt":{"rendered":"<p>El intendente&nbsp;Mauro Poletti&nbsp;y el secretario de Obras y Servicio P\u00fablicos,&nbsp;Leandro Torri, anunciaron la puesta en valor del Paseo de los Olivos. \u201cA trav\u00e9s de gestiones privadas y del Estado municipal buscamos poner en valor esta hermosa zona de Ramallo. En lo que concierne a lo privado hay un proyecto para erradicar\u00a0 la arenera que se [&hellip;]<\/p>\n","protected":false},"author":4,"featured_media":56816,"comment_status":"open","ping_status":"closed","sticky":false,"template":"","format":"standard","meta":{"om_disable_all_campaigns":false,"_jetpack_memberships_contains_paid_content":false,"footnotes":""},"categories":[621],"tags":[],"class_list":["post-56815","post","type-post","status-publish","format-standard","has-post-thumbnail","hentry","category-regionales"],"aioseo_notices":[],"gutentor_comment":0,"jetpack_featured_media_url":"https:\/\/eldiariodesanpedro.com.ar\/sitio\/wp-content\/uploads\/2019\/07\/bbx_774443947_1_pseo_olivos.jpeg","jetpack_shortlink":"https:\/\/wp.me\/p6RhLt-eMn","jetpack_sharing_enabled":true,"_links":{"self":[{"href":"https:\/\/eldiariodesanpedro.com.ar\/sitio\/wp-json\/wp\/v2\/posts\/56815","targetHints":{"allow":["GET"]}}],"collection":[{"href":"https:\/\/eldiariodesanpedro.com.ar\/sitio\/wp-json\/wp\/v2\/posts"}],"about":[{"href":"https:\/\/eldiariodesanpedro.com.ar\/sitio\/wp-json\/wp\/v2\/types\/post"}],"author":[{"embeddable":true,"href":"https:\/\/eldiariodesanpedro.com.ar\/sitio\/wp-json\/wp\/v2\/users\/4"}],"replies":[{"embeddable":true,"href":"https:\/\/eldiariodesanpedro.com.ar\/sitio\/wp-json\/wp\/v2\/comments?post=56815"}],"version-history":[{"count":1,"href":"https:\/\/eldiariodesanpedro.com.ar\/sitio\/wp-json\/wp\/v2\/posts\/56815\/revisions"}],"predecessor-version":[{"id":56817,"href":"https:\/\/eldiariodesanpedro.com.ar\/sitio\/wp-json\/wp\/v2\/posts\/56815\/revisions\/56817"}],"wp:featuredmedia":[{"embeddable":true,"href":"https:\/\/eldiariodesanpedro.com.ar\/sitio\/wp-json\/wp\/v2\/media\/56816"}],"wp:attachment":[{"href":"https:\/\/eldiariodesanpedro.com.ar\/sitio\/wp-json\/wp\/v2\/media?parent=56815"}],"wp:term":[{"taxonomy":"category","embeddable":true,"href":"https:\/\/eldiariodesanpedro.com.ar\/sitio\/wp-json\/wp\/v2\/categories?post=56815"},{"taxonomy":"post_tag","embeddable":true,"href":"https:\/\/eldiariodesanpedro.com.ar\/sitio\/wp-json\/wp\/v2\/tags?post=56815"}],"curies":[{"name":"wp","href":"https:\/\/api.w.org\/{rel}","templated":true}]}}