{"id":56812,"date":"2019-07-24T12:28:36","date_gmt":"2019-07-24T15:28:36","guid":{"rendered":"https:\/\/eldiariodesanpedro.com.ar\/sitio\/?p=56812"},"modified":"2019-07-24T12:28:40","modified_gmt":"2019-07-24T15:28:40","slug":"san-nicolas-no-llego-al-hospital-y-dio-a-luz-en-la-ambulancia","status":"publish","type":"post","link":"https:\/\/eldiariodesanpedro.com.ar\/sitio\/san-nicolas-no-llego-al-hospital-y-dio-a-luz-en-la-ambulancia\/","title":{"rendered":"SAN NICOL\u00c1S | No lleg\u00f3 al hospital y dio a luz en la ambulancia"},"content":{"rendered":"<!-- VideographyWP Plugin Message: Automatic video embedding prevented by plugin options. -->\n\n<p>En la tarde de este martes, personal del SAME asisti\u00f3 a una mujer de 26 a\u00f1os embarazada con trabajo de parto. Apenas subi\u00f3 a la ambulancia, la joven dio a luz a un varoncito de 3 kilos. Ambos est\u00e1n en buen estado de salud.<\/p>\n\n\n\n<p>Alrededor de las 17.45 el Servicio de Emergencias M\u00e9dicas 107 recibi\u00f3 el llamado de una mujer que estaba con trabajo de parto. Minutos despu\u00e9s, una ambulancia del SAME del Hospital Zona Norte lleg\u00f3 a la vivienda de calle Franklin de barrio Yaguar\u00f3n para llevarla al nosocomio y apenas ascienden a la mam\u00e1 al veh\u00edculo se inici\u00f3 el nacimiento.<\/p>\n\n\n\n<p>El m\u00e9dico, el Dr. Marcelo Arbur\u00faa, le pidi\u00f3 colaboraci\u00f3n al chofer de la ambulancia, Alberto Maldonado, ya que no hac\u00edan a tiempo a llegar al hospital. Ambos asistieron a la mujer oficiando de parteros.<\/p>\n\n\n\n<p>Giovana, ya es mam\u00e1 de otros ni\u00f1os. Su beb\u00e9, un var\u00f3n que pes\u00f3 unos tres kilos naci\u00f3 en buen estado de salud; aunque fue derivado a la sala de neonatolog\u00eda del hospital para recibir los cuidados necesarios.\u00a0 <\/p>\n\n\n\n<p>Fuente: <a href=\"http:\/\/www.diarioelinformante.com.ar\/nota-53612_no-lleg-al-hospital-y-dio-a-luz-en-la-ambulancia-\">Diario El Informante<\/a><\/p>\n","protected":false},"excerpt":{"rendered":"<p>En la tarde de este martes, personal del SAME asisti\u00f3 a una mujer de 26 a\u00f1os embarazada con trabajo de parto. Apenas subi\u00f3 a la ambulancia, la joven dio a luz a un varoncito de 3 kilos. Ambos est\u00e1n en buen estado de salud. Alrededor de las 17.45 el Servicio de Emergencias M\u00e9dicas 107 recibi\u00f3 [&hellip;]<\/p>\n","protected":false},"author":4,"featured_media":56813,"comment_status":"open","ping_status":"closed","sticky":false,"template":"","format":"standard","meta":{"om_disable_all_campaigns":false,"_jetpack_memberships_contains_paid_content":false,"footnotes":""},"categories":[621],"tags":[],"class_list":["post-56812","post","type-post","status-publish","format-standard","has-post-thumbnail","hentry","category-regionales"],"aioseo_notices":[],"gutentor_comment":0,"jetpack_featured_media_url":"https:\/\/eldiariodesanpedro.com.ar\/sitio\/wp-content\/uploads\/2019\/07\/conmarca21179.jpg","jetpack_shortlink":"https:\/\/wp.me\/p6RhLt-eMk","jetpack_sharing_enabled":true,"_links":{"self":[{"href":"https:\/\/eldiariodesanpedro.com.ar\/sitio\/wp-json\/wp\/v2\/posts\/56812","targetHints":{"allow":["GET"]}}],"collection":[{"href":"https:\/\/eldiariodesanpedro.com.ar\/sitio\/wp-json\/wp\/v2\/posts"}],"about":[{"href":"https:\/\/eldiariodesanpedro.com.ar\/sitio\/wp-json\/wp\/v2\/types\/post"}],"author":[{"embeddable":true,"href":"https:\/\/eldiariodesanpedro.com.ar\/sitio\/wp-json\/wp\/v2\/users\/4"}],"replies":[{"embeddable":true,"href":"https:\/\/eldiariodesanpedro.com.ar\/sitio\/wp-json\/wp\/v2\/comments?post=56812"}],"version-history":[{"count":1,"href":"https:\/\/eldiariodesanpedro.com.ar\/sitio\/wp-json\/wp\/v2\/posts\/56812\/revisions"}],"predecessor-version":[{"id":56814,"href":"https:\/\/eldiariodesanpedro.com.ar\/sitio\/wp-json\/wp\/v2\/posts\/56812\/revisions\/56814"}],"wp:featuredmedia":[{"embeddable":true,"href":"https:\/\/eldiariodesanpedro.com.ar\/sitio\/wp-json\/wp\/v2\/media\/56813"}],"wp:attachment":[{"href":"https:\/\/eldiariodesanpedro.com.ar\/sitio\/wp-json\/wp\/v2\/media?parent=56812"}],"wp:term":[{"taxonomy":"category","embeddable":true,"href":"https:\/\/eldiariodesanpedro.com.ar\/sitio\/wp-json\/wp\/v2\/categories?post=56812"},{"taxonomy":"post_tag","embeddable":true,"href":"https:\/\/eldiariodesanpedro.com.ar\/sitio\/wp-json\/wp\/v2\/tags?post=56812"}],"curies":[{"name":"wp","href":"https:\/\/api.w.org\/{rel}","templated":true}]}}