{"id":5681,"date":"2016-07-03T20:24:25","date_gmt":"2016-07-03T23:24:25","guid":{"rendered":"https:\/\/eldiariodesanpedro.com.ar\/sitio\/?p=5681"},"modified":"2016-07-03T20:24:25","modified_gmt":"2016-07-03T23:24:25","slug":"clausuraron-puerto-piratas","status":"publish","type":"post","link":"https:\/\/eldiariodesanpedro.com.ar\/sitio\/clausuraron-puerto-piratas\/","title":{"rendered":"Clausuraron Puerto Piratas"},"content":{"rendered":"<p><!-- VideographyWP Plugin Message: Automatic video embedding prevented by plugin options. --><br \/>\nPersonal policial con el apoyo del GAD e inspectores del municipio, en el marco del operativo de nocturnidad, inspeccion\u00f3 y clausur\u00f3 el pub localizado en calle Mitre a pocos metros de la esquina Boulevard Moreno, cuya raz\u00f3n social es \u201cPuerto Piratas\u201d.<br \/>\nLa medida obedeci\u00f3 a que se logr\u00f3 establecer la presencia de menores de edad en el interior, ingiriendo bebidas alcoh\u00f3licas.<br \/>\nEs por ello que se labr\u00f3 un acta y luego se cerr\u00f3 el local comercial, coloc\u00e1ndose fajas, previa evacuaci\u00f3n del lugar. Se labraron actuaciones por infracci\u00f3n de los art\u00edculos 5, 8, y 9 de la ley 14.050.<\/p>\n","protected":false},"excerpt":{"rendered":"<p>Personal policial con el apoyo del GAD e inspectores del municipio, en el marco del operativo de nocturnidad, inspeccion\u00f3 y clausur\u00f3 el pub localizado en calle Mitre a pocos metros de la esquina Boulevard Moreno, cuya raz\u00f3n social es \u201cPuerto Piratas\u201d. La medida obedeci\u00f3 a que se logr\u00f3 establecer la presencia de menores de edad [&hellip;]<\/p>\n","protected":false},"author":4,"featured_media":5682,"comment_status":"open","ping_status":"closed","sticky":false,"template":"","format":"standard","meta":{"om_disable_all_campaigns":false,"_jetpack_memberships_contains_paid_content":false,"footnotes":""},"categories":[101,2],"tags":[],"class_list":["post-5681","post","type-post","status-publish","format-standard","has-post-thumbnail","hentry","category-interes-general-locales","category-locales"],"aioseo_notices":[],"gutentor_comment":0,"jetpack_featured_media_url":"https:\/\/eldiariodesanpedro.com.ar\/sitio\/wp-content\/uploads\/2016\/07\/Clausurado.jpg","jetpack_shortlink":"https:\/\/wp.me\/p6RhLt-1tD","jetpack_sharing_enabled":true,"_links":{"self":[{"href":"https:\/\/eldiariodesanpedro.com.ar\/sitio\/wp-json\/wp\/v2\/posts\/5681","targetHints":{"allow":["GET"]}}],"collection":[{"href":"https:\/\/eldiariodesanpedro.com.ar\/sitio\/wp-json\/wp\/v2\/posts"}],"about":[{"href":"https:\/\/eldiariodesanpedro.com.ar\/sitio\/wp-json\/wp\/v2\/types\/post"}],"author":[{"embeddable":true,"href":"https:\/\/eldiariodesanpedro.com.ar\/sitio\/wp-json\/wp\/v2\/users\/4"}],"replies":[{"embeddable":true,"href":"https:\/\/eldiariodesanpedro.com.ar\/sitio\/wp-json\/wp\/v2\/comments?post=5681"}],"version-history":[{"count":1,"href":"https:\/\/eldiariodesanpedro.com.ar\/sitio\/wp-json\/wp\/v2\/posts\/5681\/revisions"}],"predecessor-version":[{"id":5683,"href":"https:\/\/eldiariodesanpedro.com.ar\/sitio\/wp-json\/wp\/v2\/posts\/5681\/revisions\/5683"}],"wp:featuredmedia":[{"embeddable":true,"href":"https:\/\/eldiariodesanpedro.com.ar\/sitio\/wp-json\/wp\/v2\/media\/5682"}],"wp:attachment":[{"href":"https:\/\/eldiariodesanpedro.com.ar\/sitio\/wp-json\/wp\/v2\/media?parent=5681"}],"wp:term":[{"taxonomy":"category","embeddable":true,"href":"https:\/\/eldiariodesanpedro.com.ar\/sitio\/wp-json\/wp\/v2\/categories?post=5681"},{"taxonomy":"post_tag","embeddable":true,"href":"https:\/\/eldiariodesanpedro.com.ar\/sitio\/wp-json\/wp\/v2\/tags?post=5681"}],"curies":[{"name":"wp","href":"https:\/\/api.w.org\/{rel}","templated":true}]}}