{"id":56809,"date":"2019-07-24T12:26:53","date_gmt":"2019-07-24T15:26:53","guid":{"rendered":"https:\/\/eldiariodesanpedro.com.ar\/sitio\/?p=56809"},"modified":"2019-07-24T12:26:58","modified_gmt":"2019-07-24T15:26:58","slug":"san-nicolas-la-federal-hallo-profugo-relacionado-a-venta-de-cocaina","status":"publish","type":"post","link":"https:\/\/eldiariodesanpedro.com.ar\/sitio\/san-nicolas-la-federal-hallo-profugo-relacionado-a-venta-de-cocaina\/","title":{"rendered":"SAN NICOL\u00c1S | La Federal hall\u00f3 pr\u00f3fugo relacionado a venta de coca\u00edna"},"content":{"rendered":"<!-- VideographyWP Plugin Message: Automatic video embedding prevented by plugin options. -->\n\n<p>\n\nUn joven de 22 a\u00f1os fue aprehendido pasado el mediod\u00eda en la v\u00eda p\u00fablica de San Nicol\u00e1s por efectivos de la Brigada de Investigaciones de la Delegaci\u00f3n San Nicol\u00e1s de la Polic\u00eda Federal&nbsp;<\/p>\n\n\n\n<p>Se encontraba pr\u00f3fugo de la Justicia ya que en el transcurso de este mes personal de Polic\u00eda Federal recibi\u00f3 la captura de Lucas Agust\u00edn Garayalde, por una causa relacionada a la Ley 23.737 de estupefacientes.<\/p>\n\n\n\n<p>La detenci\u00f3n se produjo en calle Berna al 530 de zona norte, luego de un arduo trabajo investigativo por parte de esta fuerza Federal, donde se lo rastreo en distintos domicilios y a ra\u00edz de un seguimiento exhaustivo, se logra observar que el masculino con pedido de captura residir\u00eda en la actualidad por Avenida Moreno al 1060.<\/p>\n\n\n\n<p>Se monto una vigilancia din\u00e1mica de varios d\u00edas, logrando este martes visualizar a Lucas Agust\u00edn Garayalde transitar por la v\u00eda publica, por lo cual al momento de interceptarlo para su identificaci\u00f3n se da a la fuga, logr\u00e1ndose su aprehensi\u00f3n en la calle Berna al 530.<\/p>\n\n\n\n<p>Fue demorado y trasladado a la Delegaci\u00f3n de San Nicol\u00e1s de la Polic\u00eda Federal por el pedido de captura solicitado por el Juzgado Nacional en lo Criminal y Correccional N\u00b0 12 a cargo del la Dr. Sergio Torres.<\/p>\n\n\n\n<p>Esta captura, se solicito en el mes de septiembre del 2018, en la Ciudad Aut\u00f3noma de Buenos Aires, en jurisdicci\u00f3n de la comisaria 46, cuando se da la detenci\u00f3n de Fabi\u00e1n Nicol\u00e1s Soto, con cuatro (4) kilos de coca\u00edna, d\u00e1ndose a la fuga su acompa\u00f1ante quien se trata del hoy detenido Garayalde quien seria familiar directo del ya detenido. <\/p>\n\n\n\n<p>Fuente: <a href=\"http:\/\/www.diarioelinformante.com.ar\/nota-53616_la-federal-hall-prfugo-relacionado-a-venta-de-cocana\">Diario El Informante<\/a><\/p>\n","protected":false},"excerpt":{"rendered":"<p>Un joven de 22 a\u00f1os fue aprehendido pasado el mediod\u00eda en la v\u00eda p\u00fablica de San Nicol\u00e1s por efectivos de la Brigada de Investigaciones de la Delegaci\u00f3n San Nicol\u00e1s de la Polic\u00eda Federal&nbsp; Se encontraba pr\u00f3fugo de la Justicia ya que en el transcurso de este mes personal de Polic\u00eda Federal recibi\u00f3 la captura de [&hellip;]<\/p>\n","protected":false},"author":4,"featured_media":56810,"comment_status":"open","ping_status":"closed","sticky":false,"template":"","format":"standard","meta":{"om_disable_all_campaigns":false,"_jetpack_memberships_contains_paid_content":false,"footnotes":""},"categories":[621],"tags":[],"class_list":["post-56809","post","type-post","status-publish","format-standard","has-post-thumbnail","hentry","category-regionales"],"aioseo_notices":[],"gutentor_comment":0,"jetpack_featured_media_url":"https:\/\/eldiariodesanpedro.com.ar\/sitio\/wp-content\/uploads\/2019\/07\/conmarca21189.jpg","jetpack_shortlink":"https:\/\/wp.me\/p6RhLt-eMh","jetpack_sharing_enabled":true,"_links":{"self":[{"href":"https:\/\/eldiariodesanpedro.com.ar\/sitio\/wp-json\/wp\/v2\/posts\/56809","targetHints":{"allow":["GET"]}}],"collection":[{"href":"https:\/\/eldiariodesanpedro.com.ar\/sitio\/wp-json\/wp\/v2\/posts"}],"about":[{"href":"https:\/\/eldiariodesanpedro.com.ar\/sitio\/wp-json\/wp\/v2\/types\/post"}],"author":[{"embeddable":true,"href":"https:\/\/eldiariodesanpedro.com.ar\/sitio\/wp-json\/wp\/v2\/users\/4"}],"replies":[{"embeddable":true,"href":"https:\/\/eldiariodesanpedro.com.ar\/sitio\/wp-json\/wp\/v2\/comments?post=56809"}],"version-history":[{"count":1,"href":"https:\/\/eldiariodesanpedro.com.ar\/sitio\/wp-json\/wp\/v2\/posts\/56809\/revisions"}],"predecessor-version":[{"id":56811,"href":"https:\/\/eldiariodesanpedro.com.ar\/sitio\/wp-json\/wp\/v2\/posts\/56809\/revisions\/56811"}],"wp:featuredmedia":[{"embeddable":true,"href":"https:\/\/eldiariodesanpedro.com.ar\/sitio\/wp-json\/wp\/v2\/media\/56810"}],"wp:attachment":[{"href":"https:\/\/eldiariodesanpedro.com.ar\/sitio\/wp-json\/wp\/v2\/media?parent=56809"}],"wp:term":[{"taxonomy":"category","embeddable":true,"href":"https:\/\/eldiariodesanpedro.com.ar\/sitio\/wp-json\/wp\/v2\/categories?post=56809"},{"taxonomy":"post_tag","embeddable":true,"href":"https:\/\/eldiariodesanpedro.com.ar\/sitio\/wp-json\/wp\/v2\/tags?post=56809"}],"curies":[{"name":"wp","href":"https:\/\/api.w.org\/{rel}","templated":true}]}}