{"id":56807,"date":"2019-07-24T11:06:33","date_gmt":"2019-07-24T14:06:33","guid":{"rendered":"https:\/\/eldiariodesanpedro.com.ar\/sitio\/?p=56807"},"modified":"2019-07-24T18:12:53","modified_gmt":"2019-07-24T21:12:53","slug":"se-recupera-motocicleta-abandonada-robada-en-2008","status":"publish","type":"post","link":"https:\/\/eldiariodesanpedro.com.ar\/sitio\/se-recupera-motocicleta-abandonada-robada-en-2008\/","title":{"rendered":"Se recupera motocicleta abandonada robada en 2008"},"content":{"rendered":"<!-- VideographyWP Plugin Message: Automatic video embedding prevented by plugin options. -->\n\n<p>Una motocicleta abandonada en una estaci\u00f3n de servicio fue secuestrada por la polic\u00eda, tras cursar en el sistema inform\u00e1tico policial registraba pedido de secuestro activo.<\/p>\n\n\n\n<p>Este martes en la estaci\u00f3n de servicios Shell ubicada en calle Mitre y Ruta 1001, sobre la playa de estacionamiento se hace presentes los  efectivos para proceder el secuestro del rodado marca Guerrero 110 cc, que se encontraba abandonada en el lugar.<\/p>\n\n\n\n<p>Tras cursar el n\u00famero de motor al sistema se pudo determinar que ten\u00eda pedido de secuestro activo desde el 11 de junio de 2008 a requerimiento de l UFI N\u00ba 05 por un hecho de hurto.<br><br><\/p>\n","protected":false},"excerpt":{"rendered":"<p>Una motocicleta abandonada en una estaci\u00f3n de servicio fue secuestrada por la polic\u00eda, tras cursar en el sistema inform\u00e1tico policial registraba pedido de secuestro activo. Este martes en la estaci\u00f3n de servicios Shell ubicada en calle Mitre y Ruta 1001, sobre la playa de estacionamiento se hace presentes los efectivos para proceder el secuestro del [&hellip;]<\/p>\n","protected":false},"author":4,"featured_media":55585,"comment_status":"open","ping_status":"closed","sticky":false,"template":"","format":"standard","meta":{"om_disable_all_campaigns":false,"_jetpack_memberships_contains_paid_content":false,"footnotes":""},"categories":[2,103],"tags":[],"class_list":["post-56807","post","type-post","status-publish","format-standard","has-post-thumbnail","hentry","category-locales","category-policiales-locales"],"aioseo_notices":[],"gutentor_comment":0,"jetpack_featured_media_url":"https:\/\/eldiariodesanpedro.com.ar\/sitio\/wp-content\/uploads\/2019\/07\/patrulla-policia-bonaerense-movil-policia.jpeg","jetpack_shortlink":"https:\/\/wp.me\/p6RhLt-eMf","jetpack_sharing_enabled":true,"_links":{"self":[{"href":"https:\/\/eldiariodesanpedro.com.ar\/sitio\/wp-json\/wp\/v2\/posts\/56807","targetHints":{"allow":["GET"]}}],"collection":[{"href":"https:\/\/eldiariodesanpedro.com.ar\/sitio\/wp-json\/wp\/v2\/posts"}],"about":[{"href":"https:\/\/eldiariodesanpedro.com.ar\/sitio\/wp-json\/wp\/v2\/types\/post"}],"author":[{"embeddable":true,"href":"https:\/\/eldiariodesanpedro.com.ar\/sitio\/wp-json\/wp\/v2\/users\/4"}],"replies":[{"embeddable":true,"href":"https:\/\/eldiariodesanpedro.com.ar\/sitio\/wp-json\/wp\/v2\/comments?post=56807"}],"version-history":[{"count":2,"href":"https:\/\/eldiariodesanpedro.com.ar\/sitio\/wp-json\/wp\/v2\/posts\/56807\/revisions"}],"predecessor-version":[{"id":56842,"href":"https:\/\/eldiariodesanpedro.com.ar\/sitio\/wp-json\/wp\/v2\/posts\/56807\/revisions\/56842"}],"wp:featuredmedia":[{"embeddable":true,"href":"https:\/\/eldiariodesanpedro.com.ar\/sitio\/wp-json\/wp\/v2\/media\/55585"}],"wp:attachment":[{"href":"https:\/\/eldiariodesanpedro.com.ar\/sitio\/wp-json\/wp\/v2\/media?parent=56807"}],"wp:term":[{"taxonomy":"category","embeddable":true,"href":"https:\/\/eldiariodesanpedro.com.ar\/sitio\/wp-json\/wp\/v2\/categories?post=56807"},{"taxonomy":"post_tag","embeddable":true,"href":"https:\/\/eldiariodesanpedro.com.ar\/sitio\/wp-json\/wp\/v2\/tags?post=56807"}],"curies":[{"name":"wp","href":"https:\/\/api.w.org\/{rel}","templated":true}]}}