{"id":56797,"date":"2019-07-24T10:36:28","date_gmt":"2019-07-24T13:36:28","guid":{"rendered":"https:\/\/eldiariodesanpedro.com.ar\/sitio\/?p=56797"},"modified":"2019-07-24T10:36:32","modified_gmt":"2019-07-24T13:36:32","slug":"le-robaron-una-moto-de-su-patio","status":"publish","type":"post","link":"https:\/\/eldiariodesanpedro.com.ar\/sitio\/le-robaron-una-moto-de-su-patio\/","title":{"rendered":"Le robaron una moto de su patio"},"content":{"rendered":"<!-- VideographyWP Plugin Message: Automatic video embedding prevented by plugin options. -->\n\n<p>Tras llamado al 911 se hace presente una patrulla de la polic\u00eda de nuestra ciudad en una vivienda donde se cometi\u00f3 un il\u00edcito.<\/p>\n\n\n\n<p>Este martes en horas de la tarde una mujer de 66 a\u00f1os de edad realiz\u00f3 un llamado al 911 donde denunci\u00f3 que en su vivienda ubicada en calle Av. 11 de Septiembre al 150 habia sido victima de un il\u00edcito cuando autores ignorados sin provocar violencia hab\u00eda sustra\u00eddo una motocicleta Euromot del interior de su patio.<br><\/p>\n","protected":false},"excerpt":{"rendered":"<p>Tras llamado al 911 se hace presente una patrulla de la polic\u00eda de nuestra ciudad en una vivienda donde se cometi\u00f3 un il\u00edcito. Este martes en horas de la tarde una mujer de 66 a\u00f1os de edad realiz\u00f3 un llamado al 911 donde denunci\u00f3 que en su vivienda ubicada en calle Av. 11 de Septiembre [&hellip;]<\/p>\n","protected":false},"author":4,"featured_media":56528,"comment_status":"open","ping_status":"closed","sticky":false,"template":"","format":"standard","meta":{"om_disable_all_campaigns":false,"_jetpack_memberships_contains_paid_content":false,"footnotes":""},"categories":[2,103],"tags":[],"class_list":["post-56797","post","type-post","status-publish","format-standard","has-post-thumbnail","hentry","category-locales","category-policiales-locales"],"aioseo_notices":[],"gutentor_comment":0,"jetpack_featured_media_url":"https:\/\/eldiariodesanpedro.com.ar\/sitio\/wp-content\/uploads\/2019\/07\/patrulla66-1024x680.jpg","jetpack_shortlink":"https:\/\/wp.me\/p6RhLt-eM5","jetpack_sharing_enabled":true,"_links":{"self":[{"href":"https:\/\/eldiariodesanpedro.com.ar\/sitio\/wp-json\/wp\/v2\/posts\/56797","targetHints":{"allow":["GET"]}}],"collection":[{"href":"https:\/\/eldiariodesanpedro.com.ar\/sitio\/wp-json\/wp\/v2\/posts"}],"about":[{"href":"https:\/\/eldiariodesanpedro.com.ar\/sitio\/wp-json\/wp\/v2\/types\/post"}],"author":[{"embeddable":true,"href":"https:\/\/eldiariodesanpedro.com.ar\/sitio\/wp-json\/wp\/v2\/users\/4"}],"replies":[{"embeddable":true,"href":"https:\/\/eldiariodesanpedro.com.ar\/sitio\/wp-json\/wp\/v2\/comments?post=56797"}],"version-history":[{"count":1,"href":"https:\/\/eldiariodesanpedro.com.ar\/sitio\/wp-json\/wp\/v2\/posts\/56797\/revisions"}],"predecessor-version":[{"id":56798,"href":"https:\/\/eldiariodesanpedro.com.ar\/sitio\/wp-json\/wp\/v2\/posts\/56797\/revisions\/56798"}],"wp:featuredmedia":[{"embeddable":true,"href":"https:\/\/eldiariodesanpedro.com.ar\/sitio\/wp-json\/wp\/v2\/media\/56528"}],"wp:attachment":[{"href":"https:\/\/eldiariodesanpedro.com.ar\/sitio\/wp-json\/wp\/v2\/media?parent=56797"}],"wp:term":[{"taxonomy":"category","embeddable":true,"href":"https:\/\/eldiariodesanpedro.com.ar\/sitio\/wp-json\/wp\/v2\/categories?post=56797"},{"taxonomy":"post_tag","embeddable":true,"href":"https:\/\/eldiariodesanpedro.com.ar\/sitio\/wp-json\/wp\/v2\/tags?post=56797"}],"curies":[{"name":"wp","href":"https:\/\/api.w.org\/{rel}","templated":true}]}}