{"id":56794,"date":"2019-07-24T10:33:56","date_gmt":"2019-07-24T13:33:56","guid":{"rendered":"https:\/\/eldiariodesanpedro.com.ar\/sitio\/?p=56794"},"modified":"2019-07-24T10:34:00","modified_gmt":"2019-07-24T13:34:00","slug":"se-secuestro-una-moto-y-un-tv-led-en-la-via-publica","status":"publish","type":"post","link":"https:\/\/eldiariodesanpedro.com.ar\/sitio\/se-secuestro-una-moto-y-un-tv-led-en-la-via-publica\/","title":{"rendered":"Se secuestr\u00f3 una moto y un TV led en la v\u00eda p\u00fablica"},"content":{"rendered":"<!-- VideographyWP Plugin Message: Automatic video embedding prevented by plugin options. -->\n\n<p>Durante un operativo de identificaci\u00f3n realizado por un m\u00f3vil de la polic\u00eda de nuestra ciudad&nbsp; se secuestr\u00f3 una motocicleta 110 cc y un TV Led 32.<\/p>\n\n\n\n<p>El operativo se realiz\u00f3 en la esquina de Mitre esquina Alvarado donde los efectivos aprehendieron a un masculino de 51 a\u00f1os que circulaba en una motocicleta Gilera Smash 110 cc la cual fue secuestrada junto a un TV Led 32 pulgadas marca Noblex que llevaba consigo, ambos por falta de documentaci\u00f3n con la que pueda acreditar su propiedad.<\/p>\n\n\n\n<p>El ciudadano fue trasladado a la comisar\u00eda siendo aprehendido y posterior libertad, por su parte la motocicleta fue trasladada al dep\u00f3sito policial y el TV secuestrado por fiscal\u00eda esperando el reclamo de un posible damnificado.<br><\/p>\n","protected":false},"excerpt":{"rendered":"<p>Durante un operativo de identificaci\u00f3n realizado por un m\u00f3vil de la polic\u00eda de nuestra ciudad&nbsp; se secuestr\u00f3 una motocicleta 110 cc y un TV Led 32. El operativo se realiz\u00f3 en la esquina de Mitre esquina Alvarado donde los efectivos aprehendieron a un masculino de 51 a\u00f1os que circulaba en una motocicleta Gilera Smash 110 [&hellip;]<\/p>\n","protected":false},"author":4,"featured_media":56795,"comment_status":"open","ping_status":"closed","sticky":false,"template":"","format":"standard","meta":{"om_disable_all_campaigns":false,"_jetpack_memberships_contains_paid_content":false,"footnotes":""},"categories":[2,103],"tags":[],"class_list":["post-56794","post","type-post","status-publish","format-standard","has-post-thumbnail","hentry","category-locales","category-policiales-locales"],"aioseo_notices":[],"gutentor_comment":0,"jetpack_featured_media_url":"https:\/\/eldiariodesanpedro.com.ar\/sitio\/wp-content\/uploads\/2019\/07\/WhatsApp-Image-2019-07-24-at-10.18.14.jpeg","jetpack_shortlink":"https:\/\/wp.me\/p6RhLt-eM2","jetpack_sharing_enabled":true,"_links":{"self":[{"href":"https:\/\/eldiariodesanpedro.com.ar\/sitio\/wp-json\/wp\/v2\/posts\/56794","targetHints":{"allow":["GET"]}}],"collection":[{"href":"https:\/\/eldiariodesanpedro.com.ar\/sitio\/wp-json\/wp\/v2\/posts"}],"about":[{"href":"https:\/\/eldiariodesanpedro.com.ar\/sitio\/wp-json\/wp\/v2\/types\/post"}],"author":[{"embeddable":true,"href":"https:\/\/eldiariodesanpedro.com.ar\/sitio\/wp-json\/wp\/v2\/users\/4"}],"replies":[{"embeddable":true,"href":"https:\/\/eldiariodesanpedro.com.ar\/sitio\/wp-json\/wp\/v2\/comments?post=56794"}],"version-history":[{"count":1,"href":"https:\/\/eldiariodesanpedro.com.ar\/sitio\/wp-json\/wp\/v2\/posts\/56794\/revisions"}],"predecessor-version":[{"id":56796,"href":"https:\/\/eldiariodesanpedro.com.ar\/sitio\/wp-json\/wp\/v2\/posts\/56794\/revisions\/56796"}],"wp:featuredmedia":[{"embeddable":true,"href":"https:\/\/eldiariodesanpedro.com.ar\/sitio\/wp-json\/wp\/v2\/media\/56795"}],"wp:attachment":[{"href":"https:\/\/eldiariodesanpedro.com.ar\/sitio\/wp-json\/wp\/v2\/media?parent=56794"}],"wp:term":[{"taxonomy":"category","embeddable":true,"href":"https:\/\/eldiariodesanpedro.com.ar\/sitio\/wp-json\/wp\/v2\/categories?post=56794"},{"taxonomy":"post_tag","embeddable":true,"href":"https:\/\/eldiariodesanpedro.com.ar\/sitio\/wp-json\/wp\/v2\/tags?post=56794"}],"curies":[{"name":"wp","href":"https:\/\/api.w.org\/{rel}","templated":true}]}}