{"id":56792,"date":"2019-07-24T10:14:17","date_gmt":"2019-07-24T13:14:17","guid":{"rendered":"https:\/\/eldiariodesanpedro.com.ar\/sitio\/?p=56792"},"modified":"2019-07-24T10:14:21","modified_gmt":"2019-07-24T13:14:21","slug":"un-hijo-golpeo-a-su-madre-de-85-anos","status":"publish","type":"post","link":"https:\/\/eldiariodesanpedro.com.ar\/sitio\/un-hijo-golpeo-a-su-madre-de-85-anos\/","title":{"rendered":"Un hijo golpe\u00f3 a su madre de 85 a\u00f1os"},"content":{"rendered":"<!-- VideographyWP Plugin Message: Automatic video embedding prevented by plugin options. -->\n\n<p>Un nuevo caso de violencia familiar ocurri\u00f3 este dia martes en la que en esta oportunidad se vieron involucrados dos personas mayores de edad.<\/p>\n\n\n\n<p>Este martes la polic\u00eda se hizo presente en un domicilio ubicado en la Av. 11 de Septiembre&nbsp; al 1200 desde donde se recibi\u00f3 una denuncia telef\u00f3nica al 911 que una abuela de 85 a\u00f1os de edad hab\u00eda sido golpeada por su hijo de 62 a\u00f1os provocando lesiones leves.<\/p>\n\n\n\n<p>Los efectivos redujeron al agresor y fue trasladado a la dependencia local en calidad de aprehendido, por su parte su progenitora junto a otros familiares decidieron realizar acciones penales en la Comisar\u00eda de la Mujer y la Familia.<br><\/p>\n","protected":false},"excerpt":{"rendered":"<p>Un nuevo caso de violencia familiar ocurri\u00f3 este dia martes en la que en esta oportunidad se vieron involucrados dos personas mayores de edad. Este martes la polic\u00eda se hizo presente en un domicilio ubicado en la Av. 11 de Septiembre&nbsp; al 1200 desde donde se recibi\u00f3 una denuncia telef\u00f3nica al 911 que una abuela [&hellip;]<\/p>\n","protected":false},"author":4,"featured_media":56681,"comment_status":"open","ping_status":"closed","sticky":false,"template":"","format":"standard","meta":{"om_disable_all_campaigns":false,"_jetpack_memberships_contains_paid_content":false,"footnotes":""},"categories":[2,103],"tags":[],"class_list":["post-56792","post","type-post","status-publish","format-standard","has-post-thumbnail","hentry","category-locales","category-policiales-locales"],"aioseo_notices":[],"gutentor_comment":0,"jetpack_featured_media_url":"https:\/\/eldiariodesanpedro.com.ar\/sitio\/wp-content\/uploads\/2019\/07\/comisaria_san_pedro-_foto_la_opinion.jpg","jetpack_shortlink":"https:\/\/wp.me\/p6RhLt-eM0","jetpack_sharing_enabled":true,"_links":{"self":[{"href":"https:\/\/eldiariodesanpedro.com.ar\/sitio\/wp-json\/wp\/v2\/posts\/56792","targetHints":{"allow":["GET"]}}],"collection":[{"href":"https:\/\/eldiariodesanpedro.com.ar\/sitio\/wp-json\/wp\/v2\/posts"}],"about":[{"href":"https:\/\/eldiariodesanpedro.com.ar\/sitio\/wp-json\/wp\/v2\/types\/post"}],"author":[{"embeddable":true,"href":"https:\/\/eldiariodesanpedro.com.ar\/sitio\/wp-json\/wp\/v2\/users\/4"}],"replies":[{"embeddable":true,"href":"https:\/\/eldiariodesanpedro.com.ar\/sitio\/wp-json\/wp\/v2\/comments?post=56792"}],"version-history":[{"count":1,"href":"https:\/\/eldiariodesanpedro.com.ar\/sitio\/wp-json\/wp\/v2\/posts\/56792\/revisions"}],"predecessor-version":[{"id":56793,"href":"https:\/\/eldiariodesanpedro.com.ar\/sitio\/wp-json\/wp\/v2\/posts\/56792\/revisions\/56793"}],"wp:featuredmedia":[{"embeddable":true,"href":"https:\/\/eldiariodesanpedro.com.ar\/sitio\/wp-json\/wp\/v2\/media\/56681"}],"wp:attachment":[{"href":"https:\/\/eldiariodesanpedro.com.ar\/sitio\/wp-json\/wp\/v2\/media?parent=56792"}],"wp:term":[{"taxonomy":"category","embeddable":true,"href":"https:\/\/eldiariodesanpedro.com.ar\/sitio\/wp-json\/wp\/v2\/categories?post=56792"},{"taxonomy":"post_tag","embeddable":true,"href":"https:\/\/eldiariodesanpedro.com.ar\/sitio\/wp-json\/wp\/v2\/tags?post=56792"}],"curies":[{"name":"wp","href":"https:\/\/api.w.org\/{rel}","templated":true}]}}