{"id":56790,"date":"2019-07-24T10:05:10","date_gmt":"2019-07-24T13:05:10","guid":{"rendered":"https:\/\/eldiariodesanpedro.com.ar\/sitio\/?p=56790"},"modified":"2019-07-24T10:05:14","modified_gmt":"2019-07-24T13:05:14","slug":"un-hombre-golpeo-a-su-hija-y-fue-aprehendido","status":"publish","type":"post","link":"https:\/\/eldiariodesanpedro.com.ar\/sitio\/un-hombre-golpeo-a-su-hija-y-fue-aprehendido\/","title":{"rendered":"Un hombre golpe\u00f3 a su hija y fue aprehendido"},"content":{"rendered":"<!-- VideographyWP Plugin Message: Automatic video embedding prevented by plugin options. -->\n\n<p>En horas de la tarde de este martes se produjo un problema familiar en un domicilio ubicado sobre calle Javier Rivero don una mujer result\u00f3 lesionada.<\/p>\n\n\n\n<p>En calle Javier Rivero al 800 la polic\u00eda de nuestra ciudad llev\u00f3 a cabo la aprehensi\u00f3n de un hombre de 51 a\u00f1os quien momentos antes por motivos que se tratan de establecer habr\u00eda agredido a su hija de 29 a\u00f1os.<\/p>\n\n\n\n<p>Al momento de la llegada del m\u00f3vil policial el agresor se encontraba exaltado por lo que tambi\u00e9n opuso resistencia contra los efectivos logrando ser reducido y trasladado a la comisar\u00eda local, por su parte la joven agredida fue trasladada a la Comisar\u00eda de la Mujer y la Familia donde realiz\u00f3 la denuncia por las lesiones recibidas.<br><\/p>\n","protected":false},"excerpt":{"rendered":"<p>En horas de la tarde de este martes se produjo un problema familiar en un domicilio ubicado sobre calle Javier Rivero don una mujer result\u00f3 lesionada. En calle Javier Rivero al 800 la polic\u00eda de nuestra ciudad llev\u00f3 a cabo la aprehensi\u00f3n de un hombre de 51 a\u00f1os quien momentos antes por motivos que se [&hellip;]<\/p>\n","protected":false},"author":4,"featured_media":56535,"comment_status":"open","ping_status":"closed","sticky":false,"template":"","format":"standard","meta":{"om_disable_all_campaigns":false,"_jetpack_memberships_contains_paid_content":false,"footnotes":""},"categories":[2,103],"tags":[],"class_list":["post-56790","post","type-post","status-publish","format-standard","has-post-thumbnail","hentry","category-locales","category-policiales-locales"],"aioseo_notices":[],"gutentor_comment":0,"jetpack_featured_media_url":"https:\/\/eldiariodesanpedro.com.ar\/sitio\/wp-content\/uploads\/2019\/07\/aprehendido.jpg","jetpack_shortlink":"https:\/\/wp.me\/p6RhLt-eLY","jetpack_sharing_enabled":true,"_links":{"self":[{"href":"https:\/\/eldiariodesanpedro.com.ar\/sitio\/wp-json\/wp\/v2\/posts\/56790","targetHints":{"allow":["GET"]}}],"collection":[{"href":"https:\/\/eldiariodesanpedro.com.ar\/sitio\/wp-json\/wp\/v2\/posts"}],"about":[{"href":"https:\/\/eldiariodesanpedro.com.ar\/sitio\/wp-json\/wp\/v2\/types\/post"}],"author":[{"embeddable":true,"href":"https:\/\/eldiariodesanpedro.com.ar\/sitio\/wp-json\/wp\/v2\/users\/4"}],"replies":[{"embeddable":true,"href":"https:\/\/eldiariodesanpedro.com.ar\/sitio\/wp-json\/wp\/v2\/comments?post=56790"}],"version-history":[{"count":1,"href":"https:\/\/eldiariodesanpedro.com.ar\/sitio\/wp-json\/wp\/v2\/posts\/56790\/revisions"}],"predecessor-version":[{"id":56791,"href":"https:\/\/eldiariodesanpedro.com.ar\/sitio\/wp-json\/wp\/v2\/posts\/56790\/revisions\/56791"}],"wp:featuredmedia":[{"embeddable":true,"href":"https:\/\/eldiariodesanpedro.com.ar\/sitio\/wp-json\/wp\/v2\/media\/56535"}],"wp:attachment":[{"href":"https:\/\/eldiariodesanpedro.com.ar\/sitio\/wp-json\/wp\/v2\/media?parent=56790"}],"wp:term":[{"taxonomy":"category","embeddable":true,"href":"https:\/\/eldiariodesanpedro.com.ar\/sitio\/wp-json\/wp\/v2\/categories?post=56790"},{"taxonomy":"post_tag","embeddable":true,"href":"https:\/\/eldiariodesanpedro.com.ar\/sitio\/wp-json\/wp\/v2\/tags?post=56790"}],"curies":[{"name":"wp","href":"https:\/\/api.w.org\/{rel}","templated":true}]}}