{"id":56787,"date":"2019-07-24T10:00:05","date_gmt":"2019-07-24T13:00:05","guid":{"rendered":"https:\/\/eldiariodesanpedro.com.ar\/sitio\/?p=56787"},"modified":"2019-07-24T10:00:10","modified_gmt":"2019-07-24T13:00:10","slug":"presentaron-la-tercera-fiesta-de-la-naranja-de-ombligo","status":"publish","type":"post","link":"https:\/\/eldiariodesanpedro.com.ar\/sitio\/presentaron-la-tercera-fiesta-de-la-naranja-de-ombligo\/","title":{"rendered":"Presentaron la tercera Fiesta de la Naranja de Ombligo"},"content":{"rendered":"<!-- VideographyWP Plugin Message: Automatic video embedding prevented by plugin options. -->\n\n<p>Frente a autoridades municipales y representantes de instituciones, la presentaci\u00f3n de la  fiesta ya suena a ser tradicional para nuestra ciudad.<\/p>\n\n\n\n<p>Este martes por la ma\u00f1ana se realiz\u00f3 en la Casona de Turismo una conferencia de prensa donde estuvieron presentes la Directora de Turismo, Marcela Cu\u00f1er, la Directora de Cultura, Majo Mora; Hugo Ram\u00edrez en representaci\u00f3n de la Secretar\u00eda de Desarrollo Econ\u00f3mico; y representantes de instituciones organizantes como:  Alejandro Guzzo de Caproem y el ingeniero Pablo Ojea de la C\u00e1mara de Viveristas. <br>\u00a0<\/p>\n\n\n\n<p>El evento tendr\u00e1 lugar el pr\u00f3ximo fin de semana del 27 y 28 de julio  sobre calle Mitre en inmediaciones al Palacio Municipal.<\/p>\n\n\n\n<p>Con Asador criollo, ferias, Stand de comidas y una actividad que se suma para restoranes de nuestra ciudad para quien quiera elaborar un plato con Naranja sera el patio de comidas.<\/p>\n\n\n\n<p>Los Shows musicales se realizar\u00e1n durante todo el dia con artistas locales y el cierre para el sabado estara a cargo de Roxana, Graciela y Dipi Carabajal y Los Alonsitos; el domingo de Grupo Quebracho y Los Campedrinos. <br><\/p>\n\n\n\n<figure class=\"wp-block-image\"><img decoding=\"async\" width=\"960\" height=\"960\" data-attachment-id=\"56788\" data-permalink=\"https:\/\/eldiariodesanpedro.com.ar\/sitio\/presentaron-la-tercera-fiesta-de-la-naranja-de-ombligo\/67160825_2330778020531680_903540451972218880_n\/\" data-orig-file=\"https:\/\/eldiariodesanpedro.com.ar\/sitio\/wp-content\/uploads\/2019\/07\/67160825_2330778020531680_903540451972218880_n.jpg\" data-orig-size=\"960,960\" data-comments-opened=\"1\" data-image-meta=\"{&quot;aperture&quot;:&quot;0&quot;,&quot;credit&quot;:&quot;&quot;,&quot;camera&quot;:&quot;&quot;,&quot;caption&quot;:&quot;&quot;,&quot;created_timestamp&quot;:&quot;0&quot;,&quot;copyright&quot;:&quot;&quot;,&quot;focal_length&quot;:&quot;0&quot;,&quot;iso&quot;:&quot;0&quot;,&quot;shutter_speed&quot;:&quot;0&quot;,&quot;title&quot;:&quot;&quot;,&quot;orientation&quot;:&quot;0&quot;}\" data-image-title=\"67160825_2330778020531680_903540451972218880_n\" data-image-description=\"\" data-image-caption=\"\" data-large-file=\"https:\/\/eldiariodesanpedro.com.ar\/sitio\/wp-content\/uploads\/2019\/07\/67160825_2330778020531680_903540451972218880_n.jpg\" data-src=\"https:\/\/eldiariodesanpedro.com.ar\/sitio\/wp-content\/uploads\/2019\/07\/67160825_2330778020531680_903540451972218880_n.jpg\" alt=\"\" class=\"wp-image-56788 lazyload\" data-srcset=\"https:\/\/eldiariodesanpedro.com.ar\/sitio\/wp-content\/uploads\/2019\/07\/67160825_2330778020531680_903540451972218880_n.jpg 960w, https:\/\/eldiariodesanpedro.com.ar\/sitio\/wp-content\/uploads\/2019\/07\/67160825_2330778020531680_903540451972218880_n-150x150.jpg 150w, https:\/\/eldiariodesanpedro.com.ar\/sitio\/wp-content\/uploads\/2019\/07\/67160825_2330778020531680_903540451972218880_n-300x300.jpg 300w, https:\/\/eldiariodesanpedro.com.ar\/sitio\/wp-content\/uploads\/2019\/07\/67160825_2330778020531680_903540451972218880_n-768x768.jpg 768w\" data-sizes=\"(max-width: 960px) 100vw, 960px\" src=\"data:image\/svg+xml;base64,PHN2ZyB3aWR0aD0iMSIgaGVpZ2h0PSIxIiB4bWxucz0iaHR0cDovL3d3dy53My5vcmcvMjAwMC9zdmciPjwvc3ZnPg==\" style=\"--smush-placeholder-width: 960px; --smush-placeholder-aspect-ratio: 960\/960;\" \/><\/figure>\n\n\n\n<p>\u00abEste a\u00f1o hemos cambiado de lugar<\/p>\n","protected":false},"excerpt":{"rendered":"<p>Frente a autoridades municipales y representantes de instituciones, la presentaci\u00f3n de la fiesta ya suena a ser tradicional para nuestra ciudad. Este martes por la ma\u00f1ana se realiz\u00f3 en la Casona de Turismo una conferencia de prensa donde estuvieron presentes la Directora de Turismo, Marcela Cu\u00f1er, la Directora de Cultura, Majo Mora; Hugo Ram\u00edrez en [&hellip;]<\/p>\n","protected":false},"author":4,"featured_media":56772,"comment_status":"open","ping_status":"closed","sticky":false,"template":"","format":"standard","meta":{"om_disable_all_campaigns":false,"_jetpack_memberships_contains_paid_content":false,"footnotes":""},"categories":[50,101,2],"tags":[],"class_list":["post-56787","post","type-post","status-publish","format-standard","has-post-thumbnail","hentry","category-destacadas","category-interes-general-locales","category-locales"],"aioseo_notices":[],"gutentor_comment":0,"jetpack_featured_media_url":"https:\/\/eldiariodesanpedro.com.ar\/sitio\/wp-content\/uploads\/2019\/07\/IMG_20190723_092305228-e1563972115854.jpg","jetpack_shortlink":"https:\/\/wp.me\/p6RhLt-eLV","jetpack_sharing_enabled":true,"_links":{"self":[{"href":"https:\/\/eldiariodesanpedro.com.ar\/sitio\/wp-json\/wp\/v2\/posts\/56787","targetHints":{"allow":["GET"]}}],"collection":[{"href":"https:\/\/eldiariodesanpedro.com.ar\/sitio\/wp-json\/wp\/v2\/posts"}],"about":[{"href":"https:\/\/eldiariodesanpedro.com.ar\/sitio\/wp-json\/wp\/v2\/types\/post"}],"author":[{"embeddable":true,"href":"https:\/\/eldiariodesanpedro.com.ar\/sitio\/wp-json\/wp\/v2\/users\/4"}],"replies":[{"embeddable":true,"href":"https:\/\/eldiariodesanpedro.com.ar\/sitio\/wp-json\/wp\/v2\/comments?post=56787"}],"version-history":[{"count":1,"href":"https:\/\/eldiariodesanpedro.com.ar\/sitio\/wp-json\/wp\/v2\/posts\/56787\/revisions"}],"predecessor-version":[{"id":56789,"href":"https:\/\/eldiariodesanpedro.com.ar\/sitio\/wp-json\/wp\/v2\/posts\/56787\/revisions\/56789"}],"wp:featuredmedia":[{"embeddable":true,"href":"https:\/\/eldiariodesanpedro.com.ar\/sitio\/wp-json\/wp\/v2\/media\/56772"}],"wp:attachment":[{"href":"https:\/\/eldiariodesanpedro.com.ar\/sitio\/wp-json\/wp\/v2\/media?parent=56787"}],"wp:term":[{"taxonomy":"category","embeddable":true,"href":"https:\/\/eldiariodesanpedro.com.ar\/sitio\/wp-json\/wp\/v2\/categories?post=56787"},{"taxonomy":"post_tag","embeddable":true,"href":"https:\/\/eldiariodesanpedro.com.ar\/sitio\/wp-json\/wp\/v2\/tags?post=56787"}],"curies":[{"name":"wp","href":"https:\/\/api.w.org\/{rel}","templated":true}]}}