{"id":56785,"date":"2019-07-24T09:37:03","date_gmt":"2019-07-24T12:37:03","guid":{"rendered":"https:\/\/eldiariodesanpedro.com.ar\/sitio\/?p=56785"},"modified":"2019-07-24T09:37:07","modified_gmt":"2019-07-24T12:37:07","slug":"accidente-colision-entre-motocicleta-y-auto","status":"publish","type":"post","link":"https:\/\/eldiariodesanpedro.com.ar\/sitio\/accidente-colision-entre-motocicleta-y-auto\/","title":{"rendered":"Accidente: Colisi\u00f3n entre motocicleta y auto"},"content":{"rendered":"<!-- VideographyWP Plugin Message: Automatic video embedding prevented by plugin options. -->\n\n<p>El evento sucedi\u00f3 a las 8 horas de esta ma\u00f1ana, en intersecci\u00f3n de las calles Sarmiento e Independencia, quienes circulaban en el rodado menor fueron trasladados al nosocomio local.<\/p>\n\n\n\n<p>Pos causas que se tratan de establecer una motocicleta 110 cc colision\u00f3 con un autom\u00f3vil Volkswagen blanco.<\/p>\n\n\n\n<p>En el rodado menor circulaban dos j\u00f3venes que se llevaron la peor parte, fueron trasladados por la ambulancia del SAME a la guardia del Hospital para su atenci\u00f3n m\u00e9dica presentando heridas no de car\u00e1cter.<\/p>\n\n\n\n<p>El el vehiculo de mayor parte era conducido por un hombre mayor de edad quien result\u00f3 lesionado.<\/p>\n\n\n\n<p>Intervino inspecci\u00f3n y personal de cient\u00edfica en el lugar.<\/p>\n","protected":false},"excerpt":{"rendered":"<p>El evento sucedi\u00f3 a las 8 horas de esta ma\u00f1ana, en intersecci\u00f3n de las calles Sarmiento e Independencia, quienes circulaban en el rodado menor fueron trasladados al nosocomio local. Pos causas que se tratan de establecer una motocicleta 110 cc colision\u00f3 con un autom\u00f3vil Volkswagen blanco. En el rodado menor circulaban dos j\u00f3venes que se [&hellip;]<\/p>\n","protected":false},"author":4,"featured_media":56784,"comment_status":"open","ping_status":"closed","sticky":false,"template":"","format":"standard","meta":{"om_disable_all_campaigns":false,"_jetpack_memberships_contains_paid_content":false,"footnotes":""},"categories":[2,103],"tags":[],"class_list":["post-56785","post","type-post","status-publish","format-standard","has-post-thumbnail","hentry","category-locales","category-policiales-locales"],"aioseo_notices":[],"gutentor_comment":0,"jetpack_featured_media_url":"https:\/\/eldiariodesanpedro.com.ar\/sitio\/wp-content\/uploads\/2019\/07\/IMG-20190724-WA0008.jpg","jetpack_shortlink":"https:\/\/wp.me\/p6RhLt-eLT","jetpack_sharing_enabled":true,"_links":{"self":[{"href":"https:\/\/eldiariodesanpedro.com.ar\/sitio\/wp-json\/wp\/v2\/posts\/56785","targetHints":{"allow":["GET"]}}],"collection":[{"href":"https:\/\/eldiariodesanpedro.com.ar\/sitio\/wp-json\/wp\/v2\/posts"}],"about":[{"href":"https:\/\/eldiariodesanpedro.com.ar\/sitio\/wp-json\/wp\/v2\/types\/post"}],"author":[{"embeddable":true,"href":"https:\/\/eldiariodesanpedro.com.ar\/sitio\/wp-json\/wp\/v2\/users\/4"}],"replies":[{"embeddable":true,"href":"https:\/\/eldiariodesanpedro.com.ar\/sitio\/wp-json\/wp\/v2\/comments?post=56785"}],"version-history":[{"count":1,"href":"https:\/\/eldiariodesanpedro.com.ar\/sitio\/wp-json\/wp\/v2\/posts\/56785\/revisions"}],"predecessor-version":[{"id":56786,"href":"https:\/\/eldiariodesanpedro.com.ar\/sitio\/wp-json\/wp\/v2\/posts\/56785\/revisions\/56786"}],"wp:featuredmedia":[{"embeddable":true,"href":"https:\/\/eldiariodesanpedro.com.ar\/sitio\/wp-json\/wp\/v2\/media\/56784"}],"wp:attachment":[{"href":"https:\/\/eldiariodesanpedro.com.ar\/sitio\/wp-json\/wp\/v2\/media?parent=56785"}],"wp:term":[{"taxonomy":"category","embeddable":true,"href":"https:\/\/eldiariodesanpedro.com.ar\/sitio\/wp-json\/wp\/v2\/categories?post=56785"},{"taxonomy":"post_tag","embeddable":true,"href":"https:\/\/eldiariodesanpedro.com.ar\/sitio\/wp-json\/wp\/v2\/tags?post=56785"}],"curies":[{"name":"wp","href":"https:\/\/api.w.org\/{rel}","templated":true}]}}