{"id":5678,"date":"2016-06-22T21:08:32","date_gmt":"2016-06-23T00:08:32","guid":{"rendered":"https:\/\/eldiariodesanpedro.com.ar\/sitio\/?p=5678"},"modified":"2016-06-22T21:08:32","modified_gmt":"2016-06-23T00:08:32","slug":"detienen-a-un-sujeto-con-pedido-de-captura-2","status":"publish","type":"post","link":"https:\/\/eldiariodesanpedro.com.ar\/sitio\/detienen-a-un-sujeto-con-pedido-de-captura-2\/","title":{"rendered":"Detienen a un sujeto con pedido de captura"},"content":{"rendered":"<p><!-- VideographyWP Plugin Message: Automatic video embedding prevented by plugin options. --><br \/>\nEl sujeto de 43 a\u00f1os fue capturado, ayer en horas de la tarde, por personal del destacamento de Gobernador Castro.<br \/>\nLa medida se llev\u00f3 a cabo en cumplimiento a un oficio judicial proveniente del Juzgado de Ejecuci\u00f3n Penal, Depto. San Nicol\u00e1s, ya que pose\u00eda un pedido de detenci\u00f3n instado desde el 18 de junio del corriente.<\/p>\n","protected":false},"excerpt":{"rendered":"<p>El sujeto de 43 a\u00f1os fue capturado, ayer en horas de la tarde, por personal del destacamento de Gobernador Castro. La medida se llev\u00f3 a cabo en cumplimiento a un oficio judicial proveniente del Juzgado de Ejecuci\u00f3n Penal, Depto. San Nicol\u00e1s, ya que pose\u00eda un pedido de detenci\u00f3n instado desde el 18 de junio del [&hellip;]<\/p>\n","protected":false},"author":4,"featured_media":4713,"comment_status":"open","ping_status":"closed","sticky":false,"template":"","format":"standard","meta":{"om_disable_all_campaigns":false,"_jetpack_memberships_contains_paid_content":false,"footnotes":""},"categories":[2,103],"tags":[],"class_list":["post-5678","post","type-post","status-publish","format-standard","has-post-thumbnail","hentry","category-locales","category-policiales-locales"],"aioseo_notices":[],"gutentor_comment":0,"jetpack_featured_media_url":"https:\/\/eldiariodesanpedro.com.ar\/sitio\/wp-content\/uploads\/2016\/05\/detenido.jpg","jetpack_shortlink":"https:\/\/wp.me\/p6RhLt-1tA","jetpack_sharing_enabled":true,"_links":{"self":[{"href":"https:\/\/eldiariodesanpedro.com.ar\/sitio\/wp-json\/wp\/v2\/posts\/5678","targetHints":{"allow":["GET"]}}],"collection":[{"href":"https:\/\/eldiariodesanpedro.com.ar\/sitio\/wp-json\/wp\/v2\/posts"}],"about":[{"href":"https:\/\/eldiariodesanpedro.com.ar\/sitio\/wp-json\/wp\/v2\/types\/post"}],"author":[{"embeddable":true,"href":"https:\/\/eldiariodesanpedro.com.ar\/sitio\/wp-json\/wp\/v2\/users\/4"}],"replies":[{"embeddable":true,"href":"https:\/\/eldiariodesanpedro.com.ar\/sitio\/wp-json\/wp\/v2\/comments?post=5678"}],"version-history":[{"count":1,"href":"https:\/\/eldiariodesanpedro.com.ar\/sitio\/wp-json\/wp\/v2\/posts\/5678\/revisions"}],"predecessor-version":[{"id":5679,"href":"https:\/\/eldiariodesanpedro.com.ar\/sitio\/wp-json\/wp\/v2\/posts\/5678\/revisions\/5679"}],"wp:featuredmedia":[{"embeddable":true,"href":"https:\/\/eldiariodesanpedro.com.ar\/sitio\/wp-json\/wp\/v2\/media\/4713"}],"wp:attachment":[{"href":"https:\/\/eldiariodesanpedro.com.ar\/sitio\/wp-json\/wp\/v2\/media?parent=5678"}],"wp:term":[{"taxonomy":"category","embeddable":true,"href":"https:\/\/eldiariodesanpedro.com.ar\/sitio\/wp-json\/wp\/v2\/categories?post=5678"},{"taxonomy":"post_tag","embeddable":true,"href":"https:\/\/eldiariodesanpedro.com.ar\/sitio\/wp-json\/wp\/v2\/tags?post=5678"}],"curies":[{"name":"wp","href":"https:\/\/api.w.org\/{rel}","templated":true}]}}