{"id":5676,"date":"2016-06-22T20:50:33","date_gmt":"2016-06-22T23:50:33","guid":{"rendered":"https:\/\/eldiariodesanpedro.com.ar\/sitio\/?p=5676"},"modified":"2016-06-22T20:50:33","modified_gmt":"2016-06-22T23:50:33","slug":"dos-accidentes-durante-el-martes","status":"publish","type":"post","link":"https:\/\/eldiariodesanpedro.com.ar\/sitio\/dos-accidentes-durante-el-martes\/","title":{"rendered":"Dos accidentes durante el martes"},"content":{"rendered":"<p><!-- VideographyWP Plugin Message: Automatic video embedding prevented by plugin options. --><br \/>\nUno de ellos se produjo en Beaumont y avenida Sarmiento, donde, por razones que se tratan de establecer, colisionaron una camioneta color gris, guiada por un hombre de 51 a\u00f1os, con  una motocicleta 110 C. C., color negra, en la que se dirig\u00eda un menor de 17 a\u00f1os de edad.<br \/>\nEl motociclista fue trasladado al Hospital local, donde se pudo determinar que sufri\u00f3 una fractura de mu\u00f1eca.<br \/>\nAmbos rodados intervinientes fueron secuestrados, mientras que personal de Polic\u00eda Cient\u00edfica San Nicol\u00e1s realiz\u00f3 pericias en el lugar del hecho.<br \/>\nEl otro accidente ocurri\u00f3 cerca de las 18.30 en calle Saavedra al 800, entre un autom\u00f3vil Peugeot 208 y una motocicleta 110 C. C.,  conducida por un joven de 18 a\u00f1os.<br \/>\nEl motociclista result\u00f3 con una herida cortante en el p\u00e1rpado del ojo izquierdo y una fisura en el  dedo me\u00f1ique de la pierna izquierda, seg\u00fan lo dictamin\u00f3 el m\u00e9dico de polic\u00eda. Fueron caratuladas como lesiones de car\u00e1cter leve.<br \/>\nEn ambos casos intervino la UFI N\u00ba 11 San Pedro.<\/p>\n","protected":false},"excerpt":{"rendered":"<p>Uno de ellos se produjo en Beaumont y avenida Sarmiento, donde, por razones que se tratan de establecer, colisionaron una camioneta color gris, guiada por un hombre de 51 a\u00f1os, con una motocicleta 110 C. C., color negra, en la que se dirig\u00eda un menor de 17 a\u00f1os de edad. El motociclista fue trasladado al [&hellip;]<\/p>\n","protected":false},"author":4,"featured_media":5647,"comment_status":"open","ping_status":"closed","sticky":false,"template":"","format":"standard","meta":{"om_disable_all_campaigns":false,"_jetpack_memberships_contains_paid_content":false,"footnotes":""},"categories":[50,2,103],"tags":[],"class_list":["post-5676","post","type-post","status-publish","format-standard","has-post-thumbnail","hentry","category-destacadas","category-locales","category-policiales-locales"],"aioseo_notices":[],"gutentor_comment":0,"jetpack_featured_media_url":"https:\/\/eldiariodesanpedro.com.ar\/sitio\/wp-content\/uploads\/2016\/06\/1-4.jpg","jetpack_shortlink":"https:\/\/wp.me\/p6RhLt-1ty","jetpack_sharing_enabled":true,"_links":{"self":[{"href":"https:\/\/eldiariodesanpedro.com.ar\/sitio\/wp-json\/wp\/v2\/posts\/5676","targetHints":{"allow":["GET"]}}],"collection":[{"href":"https:\/\/eldiariodesanpedro.com.ar\/sitio\/wp-json\/wp\/v2\/posts"}],"about":[{"href":"https:\/\/eldiariodesanpedro.com.ar\/sitio\/wp-json\/wp\/v2\/types\/post"}],"author":[{"embeddable":true,"href":"https:\/\/eldiariodesanpedro.com.ar\/sitio\/wp-json\/wp\/v2\/users\/4"}],"replies":[{"embeddable":true,"href":"https:\/\/eldiariodesanpedro.com.ar\/sitio\/wp-json\/wp\/v2\/comments?post=5676"}],"version-history":[{"count":1,"href":"https:\/\/eldiariodesanpedro.com.ar\/sitio\/wp-json\/wp\/v2\/posts\/5676\/revisions"}],"predecessor-version":[{"id":5677,"href":"https:\/\/eldiariodesanpedro.com.ar\/sitio\/wp-json\/wp\/v2\/posts\/5676\/revisions\/5677"}],"wp:featuredmedia":[{"embeddable":true,"href":"https:\/\/eldiariodesanpedro.com.ar\/sitio\/wp-json\/wp\/v2\/media\/5647"}],"wp:attachment":[{"href":"https:\/\/eldiariodesanpedro.com.ar\/sitio\/wp-json\/wp\/v2\/media?parent=5676"}],"wp:term":[{"taxonomy":"category","embeddable":true,"href":"https:\/\/eldiariodesanpedro.com.ar\/sitio\/wp-json\/wp\/v2\/categories?post=5676"},{"taxonomy":"post_tag","embeddable":true,"href":"https:\/\/eldiariodesanpedro.com.ar\/sitio\/wp-json\/wp\/v2\/tags?post=5676"}],"curies":[{"name":"wp","href":"https:\/\/api.w.org\/{rel}","templated":true}]}}