{"id":56752,"date":"2019-07-23T18:16:40","date_gmt":"2019-07-23T21:16:40","guid":{"rendered":"https:\/\/eldiariodesanpedro.com.ar\/sitio\/?p=56752"},"modified":"2019-07-24T08:42:45","modified_gmt":"2019-07-24T11:42:45","slug":"se-inicio-el-dragado-para-mejorar-el-calado-y-finalizo-el-corte-del-talud","status":"publish","type":"post","link":"https:\/\/eldiariodesanpedro.com.ar\/sitio\/se-inicio-el-dragado-para-mejorar-el-calado-y-finalizo-el-corte-del-talud\/","title":{"rendered":"Se inici\u00f3 el dragado para mejorar el calado y finaliz\u00f3 el corte del talud"},"content":{"rendered":"<!-- VideographyWP Plugin Message: Automatic video embedding prevented by plugin options. -->\n\n<p>El Consorcio de Gesti\u00f3n del Puerto de San Pedro informa que se encuentra trabajando la draga Alvar Nu\u00f1ez Cabeza de Vaca que extraerer\u00e1 aproximadamente 100 mil metros c\u00fabicos para concluir su labor dejando todo el vaso portuario con una determinante de 9 mts al 0 local. Esta tarea que demandar\u00e1 al menos hasta el fin de semana garantizar\u00e1 la operatoria de buques cargados a pleno con calados superiores a los 10 mts. Adem\u00e1s finaliz\u00f3 su tarea la draga ARPA 1 que realiz\u00f3 el corte definitivo del talud del muelle cabecera. Estas obras en conjunto representan las acciones con las que se pretende mantener y mejorar las condiciones de nuestro puerto para poder estar en condiciones \u00f3ptimas de respuesta a quienes contin\u00faan trabajando desde aqu\u00ed y a quienes pudieren hacerlo en el futuro.<\/p>\n\n\n\n<figure class=\"wp-block-image\"><img decoding=\"async\" width=\"1024\" height=\"768\" data-attachment-id=\"56754\" data-permalink=\"https:\/\/eldiariodesanpedro.com.ar\/sitio\/se-inicio-el-dragado-para-mejorar-el-calado-y-finalizo-el-corte-del-talud\/img-20190723-wa0027\/\" data-orig-file=\"https:\/\/eldiariodesanpedro.com.ar\/sitio\/wp-content\/uploads\/2019\/07\/IMG-20190723-WA0027.jpg\" data-orig-size=\"1152,864\" data-comments-opened=\"1\" data-image-meta=\"{&quot;aperture&quot;:&quot;0&quot;,&quot;credit&quot;:&quot;&quot;,&quot;camera&quot;:&quot;&quot;,&quot;caption&quot;:&quot;&quot;,&quot;created_timestamp&quot;:&quot;0&quot;,&quot;copyright&quot;:&quot;&quot;,&quot;focal_length&quot;:&quot;0&quot;,&quot;iso&quot;:&quot;0&quot;,&quot;shutter_speed&quot;:&quot;0&quot;,&quot;title&quot;:&quot;&quot;,&quot;orientation&quot;:&quot;0&quot;}\" data-image-title=\"IMG-20190723-WA0027\" data-image-description=\"\" data-image-caption=\"\" data-large-file=\"https:\/\/eldiariodesanpedro.com.ar\/sitio\/wp-content\/uploads\/2019\/07\/IMG-20190723-WA0027-1024x768.jpg\" data-src=\"https:\/\/eldiariodesanpedro.com.ar\/sitio\/wp-content\/uploads\/2019\/07\/IMG-20190723-WA0027-1024x768.jpg\" alt=\"\" class=\"wp-image-56754 lazyload\" data-srcset=\"https:\/\/eldiariodesanpedro.com.ar\/sitio\/wp-content\/uploads\/2019\/07\/IMG-20190723-WA0027-1024x768.jpg 1024w, https:\/\/eldiariodesanpedro.com.ar\/sitio\/wp-content\/uploads\/2019\/07\/IMG-20190723-WA0027-300x225.jpg 300w, https:\/\/eldiariodesanpedro.com.ar\/sitio\/wp-content\/uploads\/2019\/07\/IMG-20190723-WA0027-768x576.jpg 768w, https:\/\/eldiariodesanpedro.com.ar\/sitio\/wp-content\/uploads\/2019\/07\/IMG-20190723-WA0027.jpg 1152w\" data-sizes=\"(max-width: 1024px) 100vw, 1024px\" src=\"data:image\/svg+xml;base64,PHN2ZyB3aWR0aD0iMSIgaGVpZ2h0PSIxIiB4bWxucz0iaHR0cDovL3d3dy53My5vcmcvMjAwMC9zdmciPjwvc3ZnPg==\" style=\"--smush-placeholder-width: 1024px; --smush-placeholder-aspect-ratio: 1024\/768;\" \/><\/figure>\n\n\n\n<p><\/p>\n","protected":false},"excerpt":{"rendered":"<p>El Consorcio de Gesti\u00f3n del Puerto de San Pedro informa que se encuentra trabajando la draga Alvar Nu\u00f1ez Cabeza de Vaca que extraerer\u00e1 aproximadamente 100 mil metros c\u00fabicos para concluir su labor dejando todo el vaso portuario con una determinante de 9 mts al 0 local. Esta tarea que demandar\u00e1 al menos hasta el fin [&hellip;]<\/p>\n","protected":false},"author":4,"featured_media":56756,"comment_status":"open","ping_status":"closed","sticky":false,"template":"","format":"standard","meta":{"om_disable_all_campaigns":false,"_jetpack_memberships_contains_paid_content":false,"footnotes":""},"categories":[101,2],"tags":[],"class_list":["post-56752","post","type-post","status-publish","format-standard","has-post-thumbnail","hentry","category-interes-general-locales","category-locales"],"aioseo_notices":[],"gutentor_comment":0,"jetpack_featured_media_url":"https:\/\/eldiariodesanpedro.com.ar\/sitio\/wp-content\/uploads\/2019\/07\/IMG-20190723-WA0025.jpg","jetpack_shortlink":"https:\/\/wp.me\/p6RhLt-eLm","jetpack_sharing_enabled":true,"_links":{"self":[{"href":"https:\/\/eldiariodesanpedro.com.ar\/sitio\/wp-json\/wp\/v2\/posts\/56752","targetHints":{"allow":["GET"]}}],"collection":[{"href":"https:\/\/eldiariodesanpedro.com.ar\/sitio\/wp-json\/wp\/v2\/posts"}],"about":[{"href":"https:\/\/eldiariodesanpedro.com.ar\/sitio\/wp-json\/wp\/v2\/types\/post"}],"author":[{"embeddable":true,"href":"https:\/\/eldiariodesanpedro.com.ar\/sitio\/wp-json\/wp\/v2\/users\/4"}],"replies":[{"embeddable":true,"href":"https:\/\/eldiariodesanpedro.com.ar\/sitio\/wp-json\/wp\/v2\/comments?post=56752"}],"version-history":[{"count":1,"href":"https:\/\/eldiariodesanpedro.com.ar\/sitio\/wp-json\/wp\/v2\/posts\/56752\/revisions"}],"predecessor-version":[{"id":56757,"href":"https:\/\/eldiariodesanpedro.com.ar\/sitio\/wp-json\/wp\/v2\/posts\/56752\/revisions\/56757"}],"wp:featuredmedia":[{"embeddable":true,"href":"https:\/\/eldiariodesanpedro.com.ar\/sitio\/wp-json\/wp\/v2\/media\/56756"}],"wp:attachment":[{"href":"https:\/\/eldiariodesanpedro.com.ar\/sitio\/wp-json\/wp\/v2\/media?parent=56752"}],"wp:term":[{"taxonomy":"category","embeddable":true,"href":"https:\/\/eldiariodesanpedro.com.ar\/sitio\/wp-json\/wp\/v2\/categories?post=56752"},{"taxonomy":"post_tag","embeddable":true,"href":"https:\/\/eldiariodesanpedro.com.ar\/sitio\/wp-json\/wp\/v2\/tags?post=56752"}],"curies":[{"name":"wp","href":"https:\/\/api.w.org\/{rel}","templated":true}]}}