{"id":56745,"date":"2019-07-23T17:56:08","date_gmt":"2019-07-23T20:56:08","guid":{"rendered":"https:\/\/eldiariodesanpedro.com.ar\/sitio\/?p=56745"},"modified":"2019-07-23T18:00:12","modified_gmt":"2019-07-23T21:00:12","slug":"emotivo-reconocimiento-a-estela-montes-la-mujer-de-las-mil-voces","status":"publish","type":"post","link":"https:\/\/eldiariodesanpedro.com.ar\/sitio\/emotivo-reconocimiento-a-estela-montes-la-mujer-de-las-mil-voces\/","title":{"rendered":"Emotivo reconocimiento a Estela Montes \u00abLa mujer de las mil voces\u00bb"},"content":{"rendered":"<!-- VideographyWP Plugin Message: Automatic video embedding prevented by plugin options. -->\n\n<p>La locutora sampedrina recibi\u00f3 de manos del Intendente Municipal Cecilio Salazar y de la Presidente del HCD M\u00f3nica Otero, el merecido reconocimiento como Ciudadana Ilustre de San Pedro y la Medalla de la Ciudad.&nbsp;<\/p>\n\n\n\n<p>Estela, fue parte de la generaci\u00f3n de sampedrinos que abri\u00f3 huellas en los medios nacionales y ha trabajado con los profesionales m\u00e1s destacados en numerosos programas televisivos, radiales con responsabilidad, compromiso, creatividad y humor.<\/p>\n\n\n\n<p>Agradeci\u00f3 esta distinci\u00f3n con su humildad caracter\u00edstica, por su destacada labor profesional.<\/p>\n\n\n\n<p>En su discurso se permiti\u00f3 compartir su cl\u00e1sica imitaci\u00f3n a Gabriela Sabatini, un deseo de que \u00aba San Pedro y a Cecilio en la gesti\u00f3n, le vaya tan bien como a m\u00ed\u00bb.<\/p>\n\n\n\n<p>Fue un acto muy emotivo, lleno de recuerdos, con la participaci\u00f3n de funcionarios, familiares, amigos de Estela, representantes de los medios locales, nacionales que como siempre le brindaron el respeto y afecto que ella se ha sabido ganar a trav\u00e9s de una trayectoria llena de premios. con un gran aprecio de colegas y oyentes.<\/p>\n\n\n\n<ul class=\"wp-block-gallery columns-3 is-cropped wp-block-gallery-1 is-layout-flex wp-block-gallery-is-layout-flex\"><li class=\"blocks-gallery-item\"><figure><img decoding=\"async\" width=\"809\" height=\"1024\" data-attachment-id=\"56746\" data-permalink=\"https:\/\/eldiariodesanpedro.com.ar\/sitio\/emotivo-reconocimiento-a-estela-montes-la-mujer-de-las-mil-voces\/1-109\/\" data-orig-file=\"https:\/\/eldiariodesanpedro.com.ar\/sitio\/wp-content\/uploads\/2019\/07\/1-5.jpg\" data-orig-size=\"1562,1976\" data-comments-opened=\"1\" data-image-meta=\"{&quot;aperture&quot;:&quot;4&quot;,&quot;credit&quot;:&quot;&quot;,&quot;camera&quot;:&quot;Canon EOS 5D Mark III&quot;,&quot;caption&quot;:&quot;&quot;,&quot;created_timestamp&quot;:&quot;1571571261&quot;,&quot;copyright&quot;:&quot;&quot;,&quot;focal_length&quot;:&quot;32&quot;,&quot;iso&quot;:&quot;1600&quot;,&quot;shutter_speed&quot;:&quot;0.016666666666667&quot;,&quot;title&quot;:&quot;&quot;,&quot;orientation&quot;:&quot;0&quot;}\" data-image-title=\"1\" data-image-description=\"\" data-image-caption=\"\" data-large-file=\"https:\/\/eldiariodesanpedro.com.ar\/sitio\/wp-content\/uploads\/2019\/07\/1-5-809x1024.jpg\" data-src=\"https:\/\/eldiariodesanpedro.com.ar\/sitio\/wp-content\/uploads\/2019\/07\/1-5-809x1024.jpg\" alt=\"\" data-id=\"56746\" data-link=\"https:\/\/eldiariodesanpedro.com.ar\/sitio\/?attachment_id=56746\" class=\"wp-image-56746 lazyload\" data-srcset=\"https:\/\/eldiariodesanpedro.com.ar\/sitio\/wp-content\/uploads\/2019\/07\/1-5-809x1024.jpg 809w, https:\/\/eldiariodesanpedro.com.ar\/sitio\/wp-content\/uploads\/2019\/07\/1-5-237x300.jpg 237w, https:\/\/eldiariodesanpedro.com.ar\/sitio\/wp-content\/uploads\/2019\/07\/1-5-768x972.jpg 768w, https:\/\/eldiariodesanpedro.com.ar\/sitio\/wp-content\/uploads\/2019\/07\/1-5.jpg 1562w\" data-sizes=\"(max-width: 809px) 100vw, 809px\" src=\"data:image\/svg+xml;base64,PHN2ZyB3aWR0aD0iMSIgaGVpZ2h0PSIxIiB4bWxucz0iaHR0cDovL3d3dy53My5vcmcvMjAwMC9zdmciPjwvc3ZnPg==\" style=\"--smush-placeholder-width: 809px; --smush-placeholder-aspect-ratio: 809\/1024;\" \/><\/figure><\/li><li class=\"blocks-gallery-item\"><figure><img decoding=\"async\" width=\"1024\" height=\"701\" data-attachment-id=\"56747\" data-permalink=\"https:\/\/eldiariodesanpedro.com.ar\/sitio\/emotivo-reconocimiento-a-estela-montes-la-mujer-de-las-mil-voces\/5-30\/\" data-orig-file=\"https:\/\/eldiariodesanpedro.com.ar\/sitio\/wp-content\/uploads\/2019\/07\/5-1-e1563915506512.jpg\" data-orig-size=\"1920,1313\" data-comments-opened=\"1\" data-image-meta=\"{&quot;aperture&quot;:&quot;4&quot;,&quot;credit&quot;:&quot;&quot;,&quot;camera&quot;:&quot;Canon EOS 5D Mark III&quot;,&quot;caption&quot;:&quot;&quot;,&quot;created_timestamp&quot;:&quot;1571571780&quot;,&quot;copyright&quot;:&quot;&quot;,&quot;focal_length&quot;:&quot;28&quot;,&quot;iso&quot;:&quot;1600&quot;,&quot;shutter_speed&quot;:&quot;0.016666666666667&quot;,&quot;title&quot;:&quot;&quot;,&quot;orientation&quot;:&quot;0&quot;}\" data-image-title=\"5\" data-image-description=\"\" data-image-caption=\"\" data-large-file=\"https:\/\/eldiariodesanpedro.com.ar\/sitio\/wp-content\/uploads\/2019\/07\/5-1-1024x701.jpg\" data-src=\"https:\/\/eldiariodesanpedro.com.ar\/sitio\/wp-content\/uploads\/2019\/07\/5-1-1024x701.jpg\" alt=\"\" data-id=\"56747\" data-link=\"https:\/\/eldiariodesanpedro.com.ar\/sitio\/?attachment_id=56747\" class=\"wp-image-56747 lazyload\" src=\"data:image\/svg+xml;base64,PHN2ZyB3aWR0aD0iMSIgaGVpZ2h0PSIxIiB4bWxucz0iaHR0cDovL3d3dy53My5vcmcvMjAwMC9zdmciPjwvc3ZnPg==\" style=\"--smush-placeholder-width: 1024px; --smush-placeholder-aspect-ratio: 1024\/701;\" \/><\/figure><\/li><li class=\"blocks-gallery-item\"><figure><img decoding=\"async\" width=\"1024\" height=\"683\" data-attachment-id=\"56748\" data-permalink=\"https:\/\/eldiariodesanpedro.com.ar\/sitio\/emotivo-reconocimiento-a-estela-montes-la-mujer-de-las-mil-voces\/10-16\/\" data-orig-file=\"https:\/\/eldiariodesanpedro.com.ar\/sitio\/wp-content\/uploads\/2019\/07\/10-e1563915545909.jpg\" data-orig-size=\"1920,1280\" data-comments-opened=\"1\" data-image-meta=\"{&quot;aperture&quot;:&quot;4&quot;,&quot;credit&quot;:&quot;&quot;,&quot;camera&quot;:&quot;Canon EOS 5D Mark III&quot;,&quot;caption&quot;:&quot;&quot;,&quot;created_timestamp&quot;:&quot;1571571617&quot;,&quot;copyright&quot;:&quot;&quot;,&quot;focal_length&quot;:&quot;24&quot;,&quot;iso&quot;:&quot;1600&quot;,&quot;shutter_speed&quot;:&quot;0.016666666666667&quot;,&quot;title&quot;:&quot;&quot;,&quot;orientation&quot;:&quot;0&quot;}\" data-image-title=\"10\" data-image-description=\"\" data-image-caption=\"\" data-large-file=\"https:\/\/eldiariodesanpedro.com.ar\/sitio\/wp-content\/uploads\/2019\/07\/10-1024x683.jpg\" data-src=\"https:\/\/eldiariodesanpedro.com.ar\/sitio\/wp-content\/uploads\/2019\/07\/10-1024x683.jpg\" alt=\"\" data-id=\"56748\" data-link=\"https:\/\/eldiariodesanpedro.com.ar\/sitio\/?attachment_id=56748\" class=\"wp-image-56748 lazyload\" src=\"data:image\/svg+xml;base64,PHN2ZyB3aWR0aD0iMSIgaGVpZ2h0PSIxIiB4bWxucz0iaHR0cDovL3d3dy53My5vcmcvMjAwMC9zdmciPjwvc3ZnPg==\" style=\"--smush-placeholder-width: 1024px; --smush-placeholder-aspect-ratio: 1024\/683;\" \/><\/figure><\/li><li class=\"blocks-gallery-item\"><figure><img decoding=\"async\" width=\"1024\" height=\"626\" data-attachment-id=\"56749\" data-permalink=\"https:\/\/eldiariodesanpedro.com.ar\/sitio\/emotivo-reconocimiento-a-estela-montes-la-mujer-de-las-mil-voces\/attachment\/133\/\" data-orig-file=\"https:\/\/eldiariodesanpedro.com.ar\/sitio\/wp-content\/uploads\/2019\/07\/133.jpg\" data-orig-size=\"5040,3083\" data-comments-opened=\"1\" data-image-meta=\"{&quot;aperture&quot;:&quot;4&quot;,&quot;credit&quot;:&quot;&quot;,&quot;camera&quot;:&quot;Canon EOS 5D Mark III&quot;,&quot;caption&quot;:&quot;&quot;,&quot;created_timestamp&quot;:&quot;1571572832&quot;,&quot;copyright&quot;:&quot;&quot;,&quot;focal_length&quot;:&quot;105&quot;,&quot;iso&quot;:&quot;1600&quot;,&quot;shutter_speed&quot;:&quot;0.016666666666667&quot;,&quot;title&quot;:&quot;&quot;,&quot;orientation&quot;:&quot;0&quot;}\" data-image-title=\"13(3)\" data-image-description=\"\" data-image-caption=\"\" data-large-file=\"https:\/\/eldiariodesanpedro.com.ar\/sitio\/wp-content\/uploads\/2019\/07\/133-1024x626.jpg\" data-src=\"https:\/\/eldiariodesanpedro.com.ar\/sitio\/wp-content\/uploads\/2019\/07\/133-1024x626.jpg\" alt=\"\" data-id=\"56749\" data-link=\"https:\/\/eldiariodesanpedro.com.ar\/sitio\/?attachment_id=56749\" class=\"wp-image-56749 lazyload\" data-srcset=\"https:\/\/eldiariodesanpedro.com.ar\/sitio\/wp-content\/uploads\/2019\/07\/133-1024x626.jpg 1024w, https:\/\/eldiariodesanpedro.com.ar\/sitio\/wp-content\/uploads\/2019\/07\/133-300x184.jpg 300w, https:\/\/eldiariodesanpedro.com.ar\/sitio\/wp-content\/uploads\/2019\/07\/133-768x470.jpg 768w\" data-sizes=\"(max-width: 1024px) 100vw, 1024px\" src=\"data:image\/svg+xml;base64,PHN2ZyB3aWR0aD0iMSIgaGVpZ2h0PSIxIiB4bWxucz0iaHR0cDovL3d3dy53My5vcmcvMjAwMC9zdmciPjwvc3ZnPg==\" style=\"--smush-placeholder-width: 1024px; --smush-placeholder-aspect-ratio: 1024\/626;\" \/><\/figure><\/li><\/ul>\n\n\n\n<p>Trayectoria:<\/p>\n\n\n\n<p> Estela Montes es una destacada locutora nacida en San Pedro. Una profesional muy querida, admirada y respetada, con 32 a\u00f1os de trayectoria radial, publicitaria y como \u201cvoz en off\u00bb de exitosos ciclos televisivos.<\/p>\n\n\n\n<p>Su particular voz se pone al servicio de varios personajes de su propia creaci\u00f3n o de aquellos tantos famosos a los que imita con gran prestancia y sentido del humor.<\/p>\n\n\n\n<p>Se recibi\u00f3 en el ISER el 10 de diciembre de 1973, cuando ten\u00eda 20 a\u00f1os, junto a varias personas hoy famosas: Marcelo Araujo, Liliana L\u00f3pez Foressi y Lalo Mir.&nbsp;<br>\u201dTrabaj\u00e9 con todos los Juanes: Mesa, Mareco, Bad\u00eda y Mateyko; con Jorge Rossi, Silvio Sold\u00e1n y con figuras emblem\u00e1ticas como Pedro An\u00edbal Mansilla. <\/p>\n\n\n\n<p>Recuerdo como si fuera hoy mi paso con Bad\u00eda por \u00abA m\u00ed manera\u00bb, en la ma\u00f1ana de Radio Mitre, con producci\u00f3n de Julio Moyano; el \u00abPing Pong del Mundo\u00bb, junto a Raf\u00ed, magn\u00edfica en la actuaci\u00f3n, y Enrique Landi, que fue mi profesor de locuci\u00f3n. Tambi\u00e9n trabaj\u00e9 con Roberto Gonz\u00e1lez Rivero, con Leonel Godoy, N\u00e9stor Ibarra y Guillermo Andino, por s\u00f3lo mencionar algunos\u201d (1).<\/p>\n\n\n\n<p>En sus inicios, Montes comienza a mostrar un perfil humor\u00edstico mediante el cual realiza celebradas imitaciones: Rita Pavone y la Chona, personajes muy renombrados de la \u00e9poca. Ya en Buenos Aires, estudia actuaci\u00f3n con don Pedro Aleandro, quien la estimula a explotar su particular habilidad para la improvisaci\u00f3n. Aparecer\u00edan entonces las imitaciones de Graciela Borges, Mirtha Legrand, Gabriela Sabatini, Silvia S\u00fcller, Aschira y Susana Rocasalvo, entre muchas otras.<\/p>\n\n\n\n<p>Entre sus m\u00faltiples actividades, se encarga de la locuci\u00f3n en el programa TVR desde el comienzo del ciclo, y realiza diferentes producciones para el interior del pa\u00eds.<\/p>\n\n\n\n<p>Nunca muestra su imagen en los medios, pues sostiene que \u201ces importante mantener la magia, m\u00e1s que nada por los personajes que hago y es bueno que la gente no sepa si soy vieja, joven, alta o baja, rubia o morocha. Pero siempre sent\u00ed el reconocimiento del oyente\u201d (2).<\/p>\n\n\n\n<p>Cronolog\u00eda de su labor profesional<\/p>\n\n\n\n<p>1974-1975: Transnoche en FM de Radio Continental.<br>1977-1980: Radio del Plata, con Juan Alberto Bad\u00eda; Radio Belgrano con J. Alberto Mateyko.<br>1979: Radio del Plata AM Y FM. Programa: \u201cDisco radio\u201d (Primer FM<br>con m\u00fasica internacional)<br>1989: Radio el mundo:<br>\u201cFin de semana Mundo\u201d, con Mateyko<br>\u201cPim Pon del mundo\u201d con J. Carlos Mesa<br>Colaboraciones con Landriscina y Leonel Godoy<br>1993: \u201cHoy por hoy\u201d, con Nestor Ibarra, co-conducci\u00f3n, Radio Mitre.<br>1996: Radio Libertad: con Chiche Gelblum, Jorge Rial. Conducci\u00f3n de \u201cLa Radio es libertad\u201d<br>2000: Radio 10: S\u00e1bados y Domingos con Karin Cohen. Lunes a Viernes: con Longobardi y Gonzalez Oro.<br>2002: Radio Continental: las ma\u00f1anas con Daniel Lopez.<\/p>\n\n\n\n<p>Labor en TV: Locuci\u00f3n en off: \u201cPaf\u201d, con J. Rial; \u201dMachetes\u201d, con Guillermo Andino; \u201dMemoria\u201d, con Chiche Gelblum. Televisi\u00f3n Registrada: locuci\u00f3n comercial y voces femeninas de los dibujos animados.<br>2003: FM 92.3, \u201cDe par en par\u201d (Conducci\u00f3n).<br>2003-2004: FM Carolina (trasnoche)<br>2004: FM SINFO (voz institucional)<br>Locuci\u00f3n de cientos de comerciales televisivos y radiales.<br>2004: AM 910 LA RED. \u00abLa Tapa\u00bb con Luis Ventura, Daniel Rinaldi<br>2004: Televisi\u00f3n Registrada. Am\u00e9rica 2<\/p>\n\n\n\n<p>A lo largo de su carrera, Estela Montes obtuvo los siguientes reconocimientos:&nbsp;<br>Nominaciones para el premio Mart\u00edn Fierro: Locuci\u00f3n en Radio (1988; 1989; 1992; 1993, 1994, 1996, 1997, 1998; 2000); Labor c\u00f3mica (2001). Gan\u00f3 el mart\u00edn Fierro por su labor de locuci\u00f3n en radio en 1989 y el Premio a la Excelencia Broadcasting en 2000.<\/p>\n\n\n\n<p>En la 49na. entrega de los premios Mart\u00edn Fierro 2019 que Aptra otorga a los mejores de la televisi\u00f3n, entre tantas figuras, se destac\u00f3 la sampedrina quien nuevamente se adjudic\u00f3 con el premio a la mejor locutora por su labor en el programa Debo Decir que conduce Luis Novaresio.<\/p>\n\n\n\n<p><\/p>\n","protected":false},"excerpt":{"rendered":"<p>La locutora sampedrina recibi\u00f3 de manos del Intendente Municipal Cecilio Salazar y de la Presidente del HCD M\u00f3nica Otero, el merecido reconocimiento como Ciudadana Ilustre de San Pedro y la Medalla de la Ciudad.&nbsp; Estela, fue parte de la generaci\u00f3n de sampedrinos que abri\u00f3 huellas en los medios nacionales y ha trabajado con los profesionales [&hellip;]<\/p>\n","protected":false},"author":4,"featured_media":56747,"comment_status":"open","ping_status":"closed","sticky":false,"template":"","format":"standard","meta":{"om_disable_all_campaigns":false,"_jetpack_memberships_contains_paid_content":false,"footnotes":""},"categories":[50,101,2],"tags":[],"class_list":["post-56745","post","type-post","status-publish","format-standard","has-post-thumbnail","hentry","category-destacadas","category-interes-general-locales","category-locales"],"aioseo_notices":[],"gutentor_comment":0,"jetpack_featured_media_url":"https:\/\/eldiariodesanpedro.com.ar\/sitio\/wp-content\/uploads\/2019\/07\/5-1-e1563915506512.jpg","jetpack_shortlink":"https:\/\/wp.me\/p6RhLt-eLf","jetpack_sharing_enabled":true,"_links":{"self":[{"href":"https:\/\/eldiariodesanpedro.com.ar\/sitio\/wp-json\/wp\/v2\/posts\/56745","targetHints":{"allow":["GET"]}}],"collection":[{"href":"https:\/\/eldiariodesanpedro.com.ar\/sitio\/wp-json\/wp\/v2\/posts"}],"about":[{"href":"https:\/\/eldiariodesanpedro.com.ar\/sitio\/wp-json\/wp\/v2\/types\/post"}],"author":[{"embeddable":true,"href":"https:\/\/eldiariodesanpedro.com.ar\/sitio\/wp-json\/wp\/v2\/users\/4"}],"replies":[{"embeddable":true,"href":"https:\/\/eldiariodesanpedro.com.ar\/sitio\/wp-json\/wp\/v2\/comments?post=56745"}],"version-history":[{"count":2,"href":"https:\/\/eldiariodesanpedro.com.ar\/sitio\/wp-json\/wp\/v2\/posts\/56745\/revisions"}],"predecessor-version":[{"id":56751,"href":"https:\/\/eldiariodesanpedro.com.ar\/sitio\/wp-json\/wp\/v2\/posts\/56745\/revisions\/56751"}],"wp:featuredmedia":[{"embeddable":true,"href":"https:\/\/eldiariodesanpedro.com.ar\/sitio\/wp-json\/wp\/v2\/media\/56747"}],"wp:attachment":[{"href":"https:\/\/eldiariodesanpedro.com.ar\/sitio\/wp-json\/wp\/v2\/media?parent=56745"}],"wp:term":[{"taxonomy":"category","embeddable":true,"href":"https:\/\/eldiariodesanpedro.com.ar\/sitio\/wp-json\/wp\/v2\/categories?post=56745"},{"taxonomy":"post_tag","embeddable":true,"href":"https:\/\/eldiariodesanpedro.com.ar\/sitio\/wp-json\/wp\/v2\/tags?post=56745"}],"curies":[{"name":"wp","href":"https:\/\/api.w.org\/{rel}","templated":true}]}}