{"id":5674,"date":"2016-06-22T20:47:19","date_gmt":"2016-06-22T23:47:19","guid":{"rendered":"https:\/\/eldiariodesanpedro.com.ar\/sitio\/?p=5674"},"modified":"2016-06-22T20:47:19","modified_gmt":"2016-06-22T23:47:19","slug":"pediran-la-revocacion-de-la-prision-domiciliaria-al-abusador-sexual-que-participo-del-acto-del-dia-de-la-bandera","status":"publish","type":"post","link":"https:\/\/eldiariodesanpedro.com.ar\/sitio\/pediran-la-revocacion-de-la-prision-domiciliaria-al-abusador-sexual-que-participo-del-acto-del-dia-de-la-bandera\/","title":{"rendered":"Pedir\u00e1n la revocaci\u00f3n de la prisi\u00f3n domiciliaria al abusador sexual que particip\u00f3 del acto del D\u00eda de la Bandera"},"content":{"rendered":"<p><!-- VideographyWP Plugin Message: Automatic video embedding prevented by plugin options. --><br \/>\nLuego de que la imagen del hombre apareciera en los medios de la ciudad, participando del acto del D\u00eda de la Bandera desarrollado el lunes pasado, la titular de la UFI N\u00ba 11 pedir\u00e1 la nulidad del beneficio del arresto domiciliario. La fiscala Ramos entiende que es la segunda vez que se constata su presencia en la v\u00eda p\u00fablica, por lo que har\u00e1 una presentaci\u00f3n ante el Juzgado de Garant\u00edas de la Dra. Maiztegui.<br \/>\nSeg\u00fan se pudo establecer, la defensor\u00eda pedir\u00e1 que pase el resto de la condena en su vivienda.<br \/>\nEn tanto que, con esta situaci\u00f3n, se evidencia que se trata de una medida (la de arresto domiciliario) que no tiene ning\u00fan tipo de seguimiento por parte del Estado. Asiduamente trascienden a la esfera p\u00fablica las detenciones de personas que est\u00e1n bajo esta modalidad, transitando la v\u00eda p\u00fablica.<br \/>\nEn este caso particular, el sujeto tiene constatado un caso de abuso sexual hacia un menor que ten\u00eda 11 a\u00f1os y est\u00e1 sospechado de haber cometido otros hechos en el barrio donde reside.<\/p>\n","protected":false},"excerpt":{"rendered":"<p>Luego de que la imagen del hombre apareciera en los medios de la ciudad, participando del acto del D\u00eda de la Bandera desarrollado el lunes pasado, la titular de la UFI N\u00ba 11 pedir\u00e1 la nulidad del beneficio del arresto domiciliario. La fiscala Ramos entiende que es la segunda vez que se constata su presencia [&hellip;]<\/p>\n","protected":false},"author":4,"featured_media":5630,"comment_status":"open","ping_status":"closed","sticky":false,"template":"","format":"standard","meta":{"om_disable_all_campaigns":false,"_jetpack_memberships_contains_paid_content":false,"footnotes":""},"categories":[50,101,2],"tags":[],"class_list":["post-5674","post","type-post","status-publish","format-standard","has-post-thumbnail","hentry","category-destacadas","category-interes-general-locales","category-locales"],"aioseo_notices":[],"gutentor_comment":0,"jetpack_featured_media_url":"https:\/\/eldiariodesanpedro.com.ar\/sitio\/wp-content\/uploads\/2016\/06\/PAGINA-3-1-1.jpg","jetpack_shortlink":"https:\/\/wp.me\/p6RhLt-1tw","jetpack_sharing_enabled":true,"_links":{"self":[{"href":"https:\/\/eldiariodesanpedro.com.ar\/sitio\/wp-json\/wp\/v2\/posts\/5674","targetHints":{"allow":["GET"]}}],"collection":[{"href":"https:\/\/eldiariodesanpedro.com.ar\/sitio\/wp-json\/wp\/v2\/posts"}],"about":[{"href":"https:\/\/eldiariodesanpedro.com.ar\/sitio\/wp-json\/wp\/v2\/types\/post"}],"author":[{"embeddable":true,"href":"https:\/\/eldiariodesanpedro.com.ar\/sitio\/wp-json\/wp\/v2\/users\/4"}],"replies":[{"embeddable":true,"href":"https:\/\/eldiariodesanpedro.com.ar\/sitio\/wp-json\/wp\/v2\/comments?post=5674"}],"version-history":[{"count":1,"href":"https:\/\/eldiariodesanpedro.com.ar\/sitio\/wp-json\/wp\/v2\/posts\/5674\/revisions"}],"predecessor-version":[{"id":5675,"href":"https:\/\/eldiariodesanpedro.com.ar\/sitio\/wp-json\/wp\/v2\/posts\/5674\/revisions\/5675"}],"wp:featuredmedia":[{"embeddable":true,"href":"https:\/\/eldiariodesanpedro.com.ar\/sitio\/wp-json\/wp\/v2\/media\/5630"}],"wp:attachment":[{"href":"https:\/\/eldiariodesanpedro.com.ar\/sitio\/wp-json\/wp\/v2\/media?parent=5674"}],"wp:term":[{"taxonomy":"category","embeddable":true,"href":"https:\/\/eldiariodesanpedro.com.ar\/sitio\/wp-json\/wp\/v2\/categories?post=5674"},{"taxonomy":"post_tag","embeddable":true,"href":"https:\/\/eldiariodesanpedro.com.ar\/sitio\/wp-json\/wp\/v2\/tags?post=5674"}],"curies":[{"name":"wp","href":"https:\/\/api.w.org\/{rel}","templated":true}]}}