{"id":56728,"date":"2019-07-23T16:29:38","date_gmt":"2019-07-23T19:29:38","guid":{"rendered":"https:\/\/eldiariodesanpedro.com.ar\/sitio\/?p=56728"},"modified":"2019-07-23T16:29:42","modified_gmt":"2019-07-23T19:29:42","slug":"aprehendido-por-circular-en-moto-con-numeracion-de-cuadro-suprimida","status":"publish","type":"post","link":"https:\/\/eldiariodesanpedro.com.ar\/sitio\/aprehendido-por-circular-en-moto-con-numeracion-de-cuadro-suprimida\/","title":{"rendered":"Aprehendido por circular en moto con numeraci\u00f3n de cuadro suprimida"},"content":{"rendered":"<!-- VideographyWP Plugin Message: Automatic video embedding prevented by plugin options. -->\n\n<p>En el marco dispuesto por la superioridad, personal de Jefatura Departamental San Nicol\u00e1s GAD procedi\u00f3 a la aprehensi\u00f3n de un joven que circulaba en veh\u00edculo con numeraci\u00f3n de cuadro suprimida.<\/p>\n\n\n\n<p>El joven de 18 a\u00f1os de edad fue interceptado por los efectivos sobre calle Almafuerte al 3080 logrando secuestrarle el veh\u00edculo marca Honda Wave 110 cc .<\/p>\n\n\n\n<p>Interviene la Fiscal\u00eda N11.<\/p>\n","protected":false},"excerpt":{"rendered":"<p>En el marco dispuesto por la superioridad, personal de Jefatura Departamental San Nicol\u00e1s GAD procedi\u00f3 a la aprehensi\u00f3n de un joven que circulaba en veh\u00edculo con numeraci\u00f3n de cuadro suprimida. El joven de 18 a\u00f1os de edad fue interceptado por los efectivos sobre calle Almafuerte al 3080 logrando secuestrarle el veh\u00edculo marca Honda Wave 110 [&hellip;]<\/p>\n","protected":false},"author":4,"featured_media":56722,"comment_status":"open","ping_status":"closed","sticky":false,"template":"","format":"standard","meta":{"om_disable_all_campaigns":false,"_jetpack_memberships_contains_paid_content":false,"footnotes":""},"categories":[2,103],"tags":[],"class_list":["post-56728","post","type-post","status-publish","format-standard","has-post-thumbnail","hentry","category-locales","category-policiales-locales"],"aioseo_notices":[],"gutentor_comment":0,"jetpack_featured_media_url":"https:\/\/eldiariodesanpedro.com.ar\/sitio\/wp-content\/uploads\/2019\/07\/IMG-20190723-WA0021.jpg","jetpack_shortlink":"https:\/\/wp.me\/p6RhLt-eKY","jetpack_sharing_enabled":true,"_links":{"self":[{"href":"https:\/\/eldiariodesanpedro.com.ar\/sitio\/wp-json\/wp\/v2\/posts\/56728","targetHints":{"allow":["GET"]}}],"collection":[{"href":"https:\/\/eldiariodesanpedro.com.ar\/sitio\/wp-json\/wp\/v2\/posts"}],"about":[{"href":"https:\/\/eldiariodesanpedro.com.ar\/sitio\/wp-json\/wp\/v2\/types\/post"}],"author":[{"embeddable":true,"href":"https:\/\/eldiariodesanpedro.com.ar\/sitio\/wp-json\/wp\/v2\/users\/4"}],"replies":[{"embeddable":true,"href":"https:\/\/eldiariodesanpedro.com.ar\/sitio\/wp-json\/wp\/v2\/comments?post=56728"}],"version-history":[{"count":1,"href":"https:\/\/eldiariodesanpedro.com.ar\/sitio\/wp-json\/wp\/v2\/posts\/56728\/revisions"}],"predecessor-version":[{"id":56729,"href":"https:\/\/eldiariodesanpedro.com.ar\/sitio\/wp-json\/wp\/v2\/posts\/56728\/revisions\/56729"}],"wp:featuredmedia":[{"embeddable":true,"href":"https:\/\/eldiariodesanpedro.com.ar\/sitio\/wp-json\/wp\/v2\/media\/56722"}],"wp:attachment":[{"href":"https:\/\/eldiariodesanpedro.com.ar\/sitio\/wp-json\/wp\/v2\/media?parent=56728"}],"wp:term":[{"taxonomy":"category","embeddable":true,"href":"https:\/\/eldiariodesanpedro.com.ar\/sitio\/wp-json\/wp\/v2\/categories?post=56728"},{"taxonomy":"post_tag","embeddable":true,"href":"https:\/\/eldiariodesanpedro.com.ar\/sitio\/wp-json\/wp\/v2\/tags?post=56728"}],"curies":[{"name":"wp","href":"https:\/\/api.w.org\/{rel}","templated":true}]}}