{"id":56726,"date":"2019-07-23T17:31:36","date_gmt":"2019-07-23T20:31:36","guid":{"rendered":"https:\/\/eldiariodesanpedro.com.ar\/sitio\/?p=56726"},"modified":"2019-07-23T17:31:43","modified_gmt":"2019-07-23T20:31:43","slug":"ester-noat-quizas-seremos-la-alternativa-que-mas-le-preocupa-al-intendente","status":"publish","type":"post","link":"https:\/\/eldiariodesanpedro.com.ar\/sitio\/ester-noat-quizas-seremos-la-alternativa-que-mas-le-preocupa-al-intendente\/","title":{"rendered":"Ester Noat: \u00abQuiz\u00e1s seremos la alternativa que m\u00e1s le preocupa al intendente\u00bb"},"content":{"rendered":"<!-- VideographyWP Plugin Message: Automatic video embedding prevented by plugin options. -->\n\n<p>Una nueva presentaci\u00f3n de una de las listas se realiz\u00f3 frente a una gran cantidad de seguidores en el local partidario ubicado en calle Belgrano al 1375 .<\/p>\n\n\n\n<p>En la tarde noche del lunes se llev\u00f3 a cabo la presentaci\u00f3n de la precandidata de la Lista 4 del Frente de Todos Ester Noat, en las que deber\u00e1 competir con las n\u00f3minas que postulan a Marcos Arana, Eduardo \u00ab\u00d1ato\u00bb Estelrrich y Luciano Juhant.\u00a0 <\/p>\n\n\n\n<p>Ester estuvo acompa\u00f1ada junto a su equipo completo de precandidatos a concejales y concejeros escolares: Florencia S\u00e1nchez, Juan Cruz Gonz\u00e1lez y Tamara Vlaeminck quienes tambi\u00e9n se dirigieron al p\u00fablico presente como cada uno de los integrantes de la lista.<\/p>\n\n\n\n<p>La lista al Consejo Escolar la tiene a Mar\u00eda Cecilia Macchia al frente, acompa\u00f1ada por Nicol\u00e1s Maseroni y Elisa Ca\u00f1a.<br><\/p>\n\n\n\n<p>La precandidata destaca en su discurso que es una lista de uni\u00f3n en la diversidad y en la pluralidad conformada por varias agrupaciones peronistas y otros partidos pol\u00edticos donde pretender alcanzar el m\u00e1ximo trabajando por las necesidades de la gente .<\/p>\n\n\n\n<p>\u00abNuestro deseo es la Universidad Nacional de San Pedro, gratuita y p\u00fablica para todos los j\u00f3venes\u00bb, resalt\u00f3 la precandidata, \u00aben 20 a\u00f1os no se ha hecho nada en tierras y viviendas, no se compraron terrenos para adquirirlas, nada\u00bb<\/p>\n\n\n\n<p>Por \u00faltimo expres\u00f3, \u00abno podemos prometer, porque no sabemos con qu\u00e9 nos vamos a encontrar\u00bb y culmin\u00f3 \u00abno sabemos la deuda que tiene el municipio, el intendente habl\u00f3 de super\u00e1vit y el secretario de Econom\u00eda de d\u00e9ficit, entonces no sabemos\u00bb. <\/p>\n\n\n\n<figure class=\"wp-block-image\"><img decoding=\"async\" width=\"1024\" height=\"498\" data-attachment-id=\"56735\" data-permalink=\"https:\/\/eldiariodesanpedro.com.ar\/sitio\/20190722_201219\/\" data-orig-file=\"https:\/\/eldiariodesanpedro.com.ar\/sitio\/wp-content\/uploads\/2019\/07\/20190722_201219-e1563912258226.jpg\" data-orig-size=\"1920,933\" data-comments-opened=\"1\" data-image-meta=\"{&quot;aperture&quot;:&quot;1.7&quot;,&quot;credit&quot;:&quot;&quot;,&quot;camera&quot;:&quot;SM-N950F&quot;,&quot;caption&quot;:&quot;&quot;,&quot;created_timestamp&quot;:&quot;1563826339&quot;,&quot;copyright&quot;:&quot;&quot;,&quot;focal_length&quot;:&quot;4.3&quot;,&quot;iso&quot;:&quot;800&quot;,&quot;shutter_speed&quot;:&quot;0.02&quot;,&quot;title&quot;:&quot;&quot;,&quot;orientation&quot;:&quot;1&quot;}\" data-image-title=\"20190722_201219\" data-image-description=\"\" data-image-caption=\"\" data-large-file=\"https:\/\/eldiariodesanpedro.com.ar\/sitio\/wp-content\/uploads\/2019\/07\/20190722_201219-1024x498.jpg\" data-src=\"https:\/\/eldiariodesanpedro.com.ar\/sitio\/wp-content\/uploads\/2019\/07\/20190722_201219-1024x498.jpg\" alt=\"\" class=\"wp-image-56735 lazyload\" src=\"data:image\/svg+xml;base64,PHN2ZyB3aWR0aD0iMSIgaGVpZ2h0PSIxIiB4bWxucz0iaHR0cDovL3d3dy53My5vcmcvMjAwMC9zdmciPjwvc3ZnPg==\" style=\"--smush-placeholder-width: 1024px; --smush-placeholder-aspect-ratio: 1024\/498;\" \/><\/figure>\n","protected":false},"excerpt":{"rendered":"<p>Una nueva presentaci\u00f3n de una de las listas se realiz\u00f3 frente a una gran cantidad de seguidores en el local partidario ubicado en calle Belgrano al 1375 . En la tarde noche del lunes se llev\u00f3 a cabo la presentaci\u00f3n de la precandidata de la Lista 4 del Frente de Todos Ester Noat, en las [&hellip;]<\/p>\n","protected":false},"author":4,"featured_media":56736,"comment_status":"open","ping_status":"closed","sticky":false,"template":"","format":"standard","meta":{"om_disable_all_campaigns":false,"_jetpack_memberships_contains_paid_content":false,"footnotes":""},"categories":[2,102],"tags":[],"class_list":["post-56726","post","type-post","status-publish","format-standard","has-post-thumbnail","hentry","category-locales","category-politica-locales"],"aioseo_notices":[],"gutentor_comment":0,"jetpack_featured_media_url":"https:\/\/eldiariodesanpedro.com.ar\/sitio\/wp-content\/uploads\/2019\/07\/20190722_200856-e1563912197208.jpg","jetpack_shortlink":"https:\/\/wp.me\/p6RhLt-eKW","jetpack_sharing_enabled":true,"_links":{"self":[{"href":"https:\/\/eldiariodesanpedro.com.ar\/sitio\/wp-json\/wp\/v2\/posts\/56726","targetHints":{"allow":["GET"]}}],"collection":[{"href":"https:\/\/eldiariodesanpedro.com.ar\/sitio\/wp-json\/wp\/v2\/posts"}],"about":[{"href":"https:\/\/eldiariodesanpedro.com.ar\/sitio\/wp-json\/wp\/v2\/types\/post"}],"author":[{"embeddable":true,"href":"https:\/\/eldiariodesanpedro.com.ar\/sitio\/wp-json\/wp\/v2\/users\/4"}],"replies":[{"embeddable":true,"href":"https:\/\/eldiariodesanpedro.com.ar\/sitio\/wp-json\/wp\/v2\/comments?post=56726"}],"version-history":[{"count":2,"href":"https:\/\/eldiariodesanpedro.com.ar\/sitio\/wp-json\/wp\/v2\/posts\/56726\/revisions"}],"predecessor-version":[{"id":56744,"href":"https:\/\/eldiariodesanpedro.com.ar\/sitio\/wp-json\/wp\/v2\/posts\/56726\/revisions\/56744"}],"wp:featuredmedia":[{"embeddable":true,"href":"https:\/\/eldiariodesanpedro.com.ar\/sitio\/wp-json\/wp\/v2\/media\/56736"}],"wp:attachment":[{"href":"https:\/\/eldiariodesanpedro.com.ar\/sitio\/wp-json\/wp\/v2\/media?parent=56726"}],"wp:term":[{"taxonomy":"category","embeddable":true,"href":"https:\/\/eldiariodesanpedro.com.ar\/sitio\/wp-json\/wp\/v2\/categories?post=56726"},{"taxonomy":"post_tag","embeddable":true,"href":"https:\/\/eldiariodesanpedro.com.ar\/sitio\/wp-json\/wp\/v2\/tags?post=56726"}],"curies":[{"name":"wp","href":"https:\/\/api.w.org\/{rel}","templated":true}]}}