{"id":56723,"date":"2019-07-23T16:19:31","date_gmt":"2019-07-23T19:19:31","guid":{"rendered":"https:\/\/eldiariodesanpedro.com.ar\/sitio\/?p=56723"},"modified":"2019-07-23T16:19:36","modified_gmt":"2019-07-23T19:19:36","slug":"aprehendido-por-circular-con-un-arma-blanca-se-sospecha-que-estaria-cometiendo-arrebatos","status":"publish","type":"post","link":"https:\/\/eldiariodesanpedro.com.ar\/sitio\/aprehendido-por-circular-con-un-arma-blanca-se-sospecha-que-estaria-cometiendo-arrebatos\/","title":{"rendered":"Aprehendido por circular con un arma blanca, se sospecha que estar\u00eda cometiendo arrebatos"},"content":{"rendered":"<!-- VideographyWP Plugin Message: Automatic video embedding prevented by plugin options. -->\n\n<p>En el marco de operativos dispuesto por la superioridad personal de Jefatura Departamental San Nicol\u00e1s GAD procedi\u00f3 a la aprehensi\u00f3n de un joven de 21 a\u00f1os de edad y al secuestro del veh\u00edculo en el que se movilizaba.<\/p>\n\n\n\n<p>El hecho se produjo sobre calle Mitre al 2000, el sujeto es interceptado por los efectivos y tras cursar sus datos en el sistema inform\u00e1tico policial Sele secuestra entre sus ropas un arma blanca de tipo casera.<\/p>\n\n\n\n<p>Adem\u00e1s la motocicleta marca Honda Biz 110 cc, registra prohibici\u00f3n de circular quedando secuestrada a disposici\u00f3n del Juzgado de Paz local.<\/p>\n\n\n\n<p>El aprehendido fue trasladado a la dependencia local donde se sospecha que podr\u00eda estar cometiendo delitos de modalidad arrebato.<\/p>\n","protected":false},"excerpt":{"rendered":"<p>En el marco de operativos dispuesto por la superioridad personal de Jefatura Departamental San Nicol\u00e1s GAD procedi\u00f3 a la aprehensi\u00f3n de un joven de 21 a\u00f1os de edad y al secuestro del veh\u00edculo en el que se movilizaba. El hecho se produjo sobre calle Mitre al 2000, el sujeto es interceptado por los efectivos y [&hellip;]<\/p>\n","protected":false},"author":4,"featured_media":56721,"comment_status":"open","ping_status":"closed","sticky":false,"template":"","format":"standard","meta":{"om_disable_all_campaigns":false,"_jetpack_memberships_contains_paid_content":false,"footnotes":""},"categories":[2,103],"tags":[],"class_list":["post-56723","post","type-post","status-publish","format-standard","has-post-thumbnail","hentry","category-locales","category-policiales-locales"],"aioseo_notices":[],"gutentor_comment":0,"jetpack_featured_media_url":"https:\/\/eldiariodesanpedro.com.ar\/sitio\/wp-content\/uploads\/2019\/07\/IMG-20190723-WA0010.jpg","jetpack_shortlink":"https:\/\/wp.me\/p6RhLt-eKT","jetpack_sharing_enabled":true,"_links":{"self":[{"href":"https:\/\/eldiariodesanpedro.com.ar\/sitio\/wp-json\/wp\/v2\/posts\/56723","targetHints":{"allow":["GET"]}}],"collection":[{"href":"https:\/\/eldiariodesanpedro.com.ar\/sitio\/wp-json\/wp\/v2\/posts"}],"about":[{"href":"https:\/\/eldiariodesanpedro.com.ar\/sitio\/wp-json\/wp\/v2\/types\/post"}],"author":[{"embeddable":true,"href":"https:\/\/eldiariodesanpedro.com.ar\/sitio\/wp-json\/wp\/v2\/users\/4"}],"replies":[{"embeddable":true,"href":"https:\/\/eldiariodesanpedro.com.ar\/sitio\/wp-json\/wp\/v2\/comments?post=56723"}],"version-history":[{"count":1,"href":"https:\/\/eldiariodesanpedro.com.ar\/sitio\/wp-json\/wp\/v2\/posts\/56723\/revisions"}],"predecessor-version":[{"id":56727,"href":"https:\/\/eldiariodesanpedro.com.ar\/sitio\/wp-json\/wp\/v2\/posts\/56723\/revisions\/56727"}],"wp:featuredmedia":[{"embeddable":true,"href":"https:\/\/eldiariodesanpedro.com.ar\/sitio\/wp-json\/wp\/v2\/media\/56721"}],"wp:attachment":[{"href":"https:\/\/eldiariodesanpedro.com.ar\/sitio\/wp-json\/wp\/v2\/media?parent=56723"}],"wp:term":[{"taxonomy":"category","embeddable":true,"href":"https:\/\/eldiariodesanpedro.com.ar\/sitio\/wp-json\/wp\/v2\/categories?post=56723"},{"taxonomy":"post_tag","embeddable":true,"href":"https:\/\/eldiariodesanpedro.com.ar\/sitio\/wp-json\/wp\/v2\/tags?post=56723"}],"curies":[{"name":"wp","href":"https:\/\/api.w.org\/{rel}","templated":true}]}}