{"id":56720,"date":"2019-07-23T16:10:37","date_gmt":"2019-07-23T19:10:37","guid":{"rendered":"https:\/\/eldiariodesanpedro.com.ar\/sitio\/?p=56720"},"modified":"2019-07-23T16:10:42","modified_gmt":"2019-07-23T19:10:42","slug":"el-banco-provincia-lanzo-una-nueva-linea-de-creditos-para-pymes","status":"publish","type":"post","link":"https:\/\/eldiariodesanpedro.com.ar\/sitio\/el-banco-provincia-lanzo-una-nueva-linea-de-creditos-para-pymes\/","title":{"rendered":"El Banco Provincia lanz\u00f3 una nueva l\u00ednea de cr\u00e9ditos para pymes"},"content":{"rendered":"<!-- VideographyWP Plugin Message: Automatic video embedding prevented by plugin options. -->\n\n<p><strong>Son para financiar proyectos de inversi\u00f3n y compra de bienes de capital. El presidente de la entidad, Juan Curutchet, destac\u00f3 que cada d\u00eda \u201cse destina unos 200 millones de pesos para que las pymes puedan hacer frente a sus obligaciones m\u00e1s urgentes\u201d.<\/strong><\/p>\n\n\n\n<p>El presidente de Banco Provincia, Juan Curutchet, anunci\u00f3 una nueva l\u00ednea de pr\u00e9stamos blandos con tasa fija del 29% para pymes ubicadas en parques industriales con sucursales de la entidad. Son para financiar proyectos de inversi\u00f3n y compra de bienes de capital. El monto m\u00e1ximo es de 20 millones de pesos por cliente y con un plazo que se puede extender hasta 48 meses.<\/p>\n\n\n\n<p>El Banco Provincia ya super\u00f3 los 24.500 millones de pesos en descuentos de cheques con tasas blandas en lo que va del a\u00f1o.<\/p>\n\n\n\n<p>El directorio de Banco Provincia aprob\u00f3 una nueva l\u00ednea pensada para fomentar el financiamiento a bajo costo de las pymes bonaerenses radicadas en los 14 parques industriales donde la entidad cuenta con sucursales.<\/p>\n\n\n\n<figure class=\"wp-block-image\"><img decoding=\"async\" data-attachment-id=\"70405\" data-permalink=\"https:\/\/eldiariodesanpedro.com.ar\/sitio\/baradero-el-municipio-de-baradero-anuncio-medidas-de-prevencion\/ba\/\" data-orig-file=\"https:\/\/eldiariodesanpedro.com.ar\/sitio\/wp-content\/uploads\/2020\/03\/BA.jpeg\" data-orig-size=\"1024,512\" data-comments-opened=\"1\" data-image-meta=\"{&quot;aperture&quot;:&quot;0&quot;,&quot;credit&quot;:&quot;&quot;,&quot;camera&quot;:&quot;&quot;,&quot;caption&quot;:&quot;&quot;,&quot;created_timestamp&quot;:&quot;0&quot;,&quot;copyright&quot;:&quot;&quot;,&quot;focal_length&quot;:&quot;0&quot;,&quot;iso&quot;:&quot;0&quot;,&quot;shutter_speed&quot;:&quot;0&quot;,&quot;title&quot;:&quot;&quot;,&quot;orientation&quot;:&quot;0&quot;}\" data-image-title=\"BA\" data-image-description=\"\" data-image-caption=\"\" data-large-file=\"https:\/\/eldiariodesanpedro.com.ar\/sitio\/wp-content\/uploads\/2020\/03\/BA.jpeg\" data-src=\"http:\/\/www.zaratealerta.com.ar\/wp-content\/uploads\/2019\/07\/El-presidente-de-Banco-Provincia-Juan-Curutchet.jpg\" alt=\"\" class=\"wp-image-70405 lazyload\" src=\"data:image\/svg+xml;base64,PHN2ZyB3aWR0aD0iMSIgaGVpZ2h0PSIxIiB4bWxucz0iaHR0cDovL3d3dy53My5vcmcvMjAwMC9zdmciPjwvc3ZnPg==\" \/><\/figure>\n\n\n\n<p>La idea es que las pymes puedan utilizar los fondos para proyectos de inversi\u00f3n. Tambi\u00e9n es posible que el cr\u00e9dito se destine a la adquisici\u00f3n de bienes de capital, nuevos y usados, nacionales e importados, obra civil, instalaciones y equipos.<\/p>\n\n\n\n<p>\u201cEstamos llegando al coraz\u00f3n productivo bonaerense con los pr\u00e9stamos m\u00e1s ventajosos del sistema financiero\u201d, asegur\u00f3 el presidente de la entidad, Juan Curutchet. Y agreg\u00f3: \u201cCada d\u00eda del a\u00f1o el Banco Provincia destina unos 200 millones de pesos para que las pymes puedan hacer frente a sus obligaciones m\u00e1s urgentes\u201d.<\/p>\n\n\n\n<p><strong>Fuente:&nbsp;<\/strong>Noticias Z\u00e1rate Alerta&nbsp;<\/p>\n","protected":false},"excerpt":{"rendered":"<p>Son para financiar proyectos de inversi\u00f3n y compra de bienes de capital. El presidente de la entidad, Juan Curutchet, destac\u00f3 que cada d\u00eda \u201cse destina unos 200 millones de pesos para que las pymes puedan hacer frente a sus obligaciones m\u00e1s urgentes\u201d. El presidente de Banco Provincia, Juan Curutchet, anunci\u00f3 una nueva l\u00ednea de pr\u00e9stamos [&hellip;]<\/p>\n","protected":false},"author":4,"featured_media":56724,"comment_status":"open","ping_status":"closed","sticky":false,"template":"","format":"standard","meta":{"om_disable_all_campaigns":false,"_jetpack_memberships_contains_paid_content":false,"footnotes":""},"categories":[621],"tags":[],"class_list":["post-56720","post","type-post","status-publish","format-standard","has-post-thumbnail","hentry","category-regionales"],"aioseo_notices":[],"gutentor_comment":0,"jetpack_featured_media_url":"https:\/\/eldiariodesanpedro.com.ar\/sitio\/wp-content\/uploads\/2019\/07\/banco_provincia_1.jpg","jetpack_shortlink":"https:\/\/wp.me\/p6RhLt-eKQ","jetpack_sharing_enabled":true,"_links":{"self":[{"href":"https:\/\/eldiariodesanpedro.com.ar\/sitio\/wp-json\/wp\/v2\/posts\/56720","targetHints":{"allow":["GET"]}}],"collection":[{"href":"https:\/\/eldiariodesanpedro.com.ar\/sitio\/wp-json\/wp\/v2\/posts"}],"about":[{"href":"https:\/\/eldiariodesanpedro.com.ar\/sitio\/wp-json\/wp\/v2\/types\/post"}],"author":[{"embeddable":true,"href":"https:\/\/eldiariodesanpedro.com.ar\/sitio\/wp-json\/wp\/v2\/users\/4"}],"replies":[{"embeddable":true,"href":"https:\/\/eldiariodesanpedro.com.ar\/sitio\/wp-json\/wp\/v2\/comments?post=56720"}],"version-history":[{"count":1,"href":"https:\/\/eldiariodesanpedro.com.ar\/sitio\/wp-json\/wp\/v2\/posts\/56720\/revisions"}],"predecessor-version":[{"id":56725,"href":"https:\/\/eldiariodesanpedro.com.ar\/sitio\/wp-json\/wp\/v2\/posts\/56720\/revisions\/56725"}],"wp:featuredmedia":[{"embeddable":true,"href":"https:\/\/eldiariodesanpedro.com.ar\/sitio\/wp-json\/wp\/v2\/media\/56724"}],"wp:attachment":[{"href":"https:\/\/eldiariodesanpedro.com.ar\/sitio\/wp-json\/wp\/v2\/media?parent=56720"}],"wp:term":[{"taxonomy":"category","embeddable":true,"href":"https:\/\/eldiariodesanpedro.com.ar\/sitio\/wp-json\/wp\/v2\/categories?post=56720"},{"taxonomy":"post_tag","embeddable":true,"href":"https:\/\/eldiariodesanpedro.com.ar\/sitio\/wp-json\/wp\/v2\/tags?post=56720"}],"curies":[{"name":"wp","href":"https:\/\/api.w.org\/{rel}","templated":true}]}}