{"id":56717,"date":"2019-07-23T16:01:24","date_gmt":"2019-07-23T19:01:24","guid":{"rendered":"https:\/\/eldiariodesanpedro.com.ar\/sitio\/?p=56717"},"modified":"2019-07-23T16:01:28","modified_gmt":"2019-07-23T19:01:28","slug":"campana-una-mujer-y-sus-dos-hijas-protagonizaron-un-accidente-en-la-panamericana","status":"publish","type":"post","link":"https:\/\/eldiariodesanpedro.com.ar\/sitio\/campana-una-mujer-y-sus-dos-hijas-protagonizaron-un-accidente-en-la-panamericana\/","title":{"rendered":"CAMPANA | Una mujer y sus dos hijas protagonizaron un accidente en la Panamericana"},"content":{"rendered":"<!-- VideographyWP Plugin Message: Automatic video embedding prevented by plugin options. -->\n\n<p>\n\nFue a la altura del KM 75, donde el auto que conduc\u00eda tom\u00f3 contacto con un cami\u00f3n, perdiendo el control. El veh\u00edculo hizo un trompo e impact\u00f3 contra el guard rail de contenci\u00f3n. Las tres ocupantes del veh\u00edculo fueron asistidas por el Same.<\/p>\n\n\n\n<p>Pasadas las 19 hs., un accidente tuvo lugar sobre el kil\u00f3metro 75 de la Ruta 9, mano a Capital.<\/p>\n\n\n\n<p>Un Peugeot 408 habr\u00eda tenido contacto con un cami\u00f3n Volvo, perdiendo el control y efectuando un trompo hasta finalmente, impactar contra los paredones de contenci\u00f3n.<\/p>\n\n\n\n<p>En el auto viajaban una mujer y sus dos hijas. Las tres presentaron algunas lesiones, por lo que fueron asistidas en el lugar por un m\u00f3vil del Same.&nbsp;<\/p>\n\n\n\n<p>Se hicieron presentes los m\u00f3viles zona 3 y 4 del CP, junto a personal de la autopista Corredor Panamericano. <\/p>\n\n\n\n<p>Fuente: Campana Noticias<\/p>\n","protected":false},"excerpt":{"rendered":"<p>Fue a la altura del KM 75, donde el auto que conduc\u00eda tom\u00f3 contacto con un cami\u00f3n, perdiendo el control. El veh\u00edculo hizo un trompo e impact\u00f3 contra el guard rail de contenci\u00f3n. Las tres ocupantes del veh\u00edculo fueron asistidas por el Same. Pasadas las 19 hs., un accidente tuvo lugar sobre el kil\u00f3metro 75 [&hellip;]<\/p>\n","protected":false},"author":4,"featured_media":56718,"comment_status":"open","ping_status":"closed","sticky":false,"template":"","format":"standard","meta":{"om_disable_all_campaigns":false,"_jetpack_memberships_contains_paid_content":false,"footnotes":""},"categories":[621],"tags":[],"class_list":["post-56717","post","type-post","status-publish","format-standard","has-post-thumbnail","hentry","category-regionales"],"aioseo_notices":[],"gutentor_comment":0,"jetpack_featured_media_url":"https:\/\/eldiariodesanpedro.com.ar\/sitio\/wp-content\/uploads\/2019\/07\/20190723115836.jpg","jetpack_shortlink":"https:\/\/wp.me\/p6RhLt-eKN","jetpack_sharing_enabled":true,"_links":{"self":[{"href":"https:\/\/eldiariodesanpedro.com.ar\/sitio\/wp-json\/wp\/v2\/posts\/56717","targetHints":{"allow":["GET"]}}],"collection":[{"href":"https:\/\/eldiariodesanpedro.com.ar\/sitio\/wp-json\/wp\/v2\/posts"}],"about":[{"href":"https:\/\/eldiariodesanpedro.com.ar\/sitio\/wp-json\/wp\/v2\/types\/post"}],"author":[{"embeddable":true,"href":"https:\/\/eldiariodesanpedro.com.ar\/sitio\/wp-json\/wp\/v2\/users\/4"}],"replies":[{"embeddable":true,"href":"https:\/\/eldiariodesanpedro.com.ar\/sitio\/wp-json\/wp\/v2\/comments?post=56717"}],"version-history":[{"count":1,"href":"https:\/\/eldiariodesanpedro.com.ar\/sitio\/wp-json\/wp\/v2\/posts\/56717\/revisions"}],"predecessor-version":[{"id":56719,"href":"https:\/\/eldiariodesanpedro.com.ar\/sitio\/wp-json\/wp\/v2\/posts\/56717\/revisions\/56719"}],"wp:featuredmedia":[{"embeddable":true,"href":"https:\/\/eldiariodesanpedro.com.ar\/sitio\/wp-json\/wp\/v2\/media\/56718"}],"wp:attachment":[{"href":"https:\/\/eldiariodesanpedro.com.ar\/sitio\/wp-json\/wp\/v2\/media?parent=56717"}],"wp:term":[{"taxonomy":"category","embeddable":true,"href":"https:\/\/eldiariodesanpedro.com.ar\/sitio\/wp-json\/wp\/v2\/categories?post=56717"},{"taxonomy":"post_tag","embeddable":true,"href":"https:\/\/eldiariodesanpedro.com.ar\/sitio\/wp-json\/wp\/v2\/tags?post=56717"}],"curies":[{"name":"wp","href":"https:\/\/api.w.org\/{rel}","templated":true}]}}