{"id":56714,"date":"2019-07-23T15:57:50","date_gmt":"2019-07-23T18:57:50","guid":{"rendered":"https:\/\/eldiariodesanpedro.com.ar\/sitio\/?p=56714"},"modified":"2019-07-23T15:57:54","modified_gmt":"2019-07-23T18:57:54","slug":"arrecifes-se-conocen-la-grilla-y-horarios-del-arrecifes-rock","status":"publish","type":"post","link":"https:\/\/eldiariodesanpedro.com.ar\/sitio\/arrecifes-se-conocen-la-grilla-y-horarios-del-arrecifes-rock\/","title":{"rendered":"ARRECIFES | Se conocen la grilla y horarios del Arrecifes Rock"},"content":{"rendered":"<!-- VideographyWP Plugin Message: Automatic video embedding prevented by plugin options. -->\n\n<p>Para el pr\u00f3ximo domingo se espera un lleno total en el predio de la Estaci\u00f3n de la Juventud, donde se desarrollar\u00e1 el Arrecifes Rock, con el cierre de la emblem\u00e1tica Memphis La Blusera cumpliendo 41 a\u00f1os de existencia.<\/p>\n\n\n\n<p>En Radio Uno (107.1), Juliano Carbonaro, jefe de prensa municipal, confirm\u00f3 que \u00abqueremos arrancar temprano por la \u00e9poca fr\u00eda del a\u00f1o. La gente puede llevar su silla o reposera para tomar ubicaci\u00f3n y almorzar en los carritos, si lo desea. La primera banda tocar\u00e1 a las 14:00 y la Memphis se presentar\u00e1 a las 17:00\u00bb.<\/p>\n\n\n\n<p>La grilla de formaciones arrecife\u00f1as arrancar\u00e1 con A Punto Caramelo, luego subir\u00e1n al escenario Sue\u00f1o Cham\u00e1n, Sof\u00eda Acosta y Primos de Nadie, en ese orden y con un show de aproximadamente 40 minutos cada uno, antes del cierre de la Memphis.<\/p>\n\n\n\n<p>Fuente: Arrecifes Noticias<\/p>\n","protected":false},"excerpt":{"rendered":"<p>Para el pr\u00f3ximo domingo se espera un lleno total en el predio de la Estaci\u00f3n de la Juventud, donde se desarrollar\u00e1 el Arrecifes Rock, con el cierre de la emblem\u00e1tica Memphis La Blusera cumpliendo 41 a\u00f1os de existencia. En Radio Uno (107.1), Juliano Carbonaro, jefe de prensa municipal, confirm\u00f3 que \u00abqueremos arrancar temprano por la [&hellip;]<\/p>\n","protected":false},"author":4,"featured_media":56715,"comment_status":"open","ping_status":"closed","sticky":false,"template":"","format":"standard","meta":{"om_disable_all_campaigns":false,"_jetpack_memberships_contains_paid_content":false,"footnotes":""},"categories":[621],"tags":[],"class_list":["post-56714","post","type-post","status-publish","format-standard","has-post-thumbnail","hentry","category-regionales"],"aioseo_notices":[],"gutentor_comment":0,"jetpack_featured_media_url":"https:\/\/eldiariodesanpedro.com.ar\/sitio\/wp-content\/uploads\/2019\/07\/memphis-la-blusera-768x510.jpg","jetpack_shortlink":"https:\/\/wp.me\/p6RhLt-eKK","jetpack_sharing_enabled":true,"_links":{"self":[{"href":"https:\/\/eldiariodesanpedro.com.ar\/sitio\/wp-json\/wp\/v2\/posts\/56714","targetHints":{"allow":["GET"]}}],"collection":[{"href":"https:\/\/eldiariodesanpedro.com.ar\/sitio\/wp-json\/wp\/v2\/posts"}],"about":[{"href":"https:\/\/eldiariodesanpedro.com.ar\/sitio\/wp-json\/wp\/v2\/types\/post"}],"author":[{"embeddable":true,"href":"https:\/\/eldiariodesanpedro.com.ar\/sitio\/wp-json\/wp\/v2\/users\/4"}],"replies":[{"embeddable":true,"href":"https:\/\/eldiariodesanpedro.com.ar\/sitio\/wp-json\/wp\/v2\/comments?post=56714"}],"version-history":[{"count":1,"href":"https:\/\/eldiariodesanpedro.com.ar\/sitio\/wp-json\/wp\/v2\/posts\/56714\/revisions"}],"predecessor-version":[{"id":56716,"href":"https:\/\/eldiariodesanpedro.com.ar\/sitio\/wp-json\/wp\/v2\/posts\/56714\/revisions\/56716"}],"wp:featuredmedia":[{"embeddable":true,"href":"https:\/\/eldiariodesanpedro.com.ar\/sitio\/wp-json\/wp\/v2\/media\/56715"}],"wp:attachment":[{"href":"https:\/\/eldiariodesanpedro.com.ar\/sitio\/wp-json\/wp\/v2\/media?parent=56714"}],"wp:term":[{"taxonomy":"category","embeddable":true,"href":"https:\/\/eldiariodesanpedro.com.ar\/sitio\/wp-json\/wp\/v2\/categories?post=56714"},{"taxonomy":"post_tag","embeddable":true,"href":"https:\/\/eldiariodesanpedro.com.ar\/sitio\/wp-json\/wp\/v2\/tags?post=56714"}],"curies":[{"name":"wp","href":"https:\/\/api.w.org\/{rel}","templated":true}]}}