{"id":56711,"date":"2019-07-23T15:56:06","date_gmt":"2019-07-23T18:56:06","guid":{"rendered":"https:\/\/eldiariodesanpedro.com.ar\/sitio\/?p=56711"},"modified":"2019-07-23T15:56:10","modified_gmt":"2019-07-23T18:56:10","slug":"san-nicolas-dia-historico-derrumbaron-el-paredon-del-batallon","status":"publish","type":"post","link":"https:\/\/eldiariodesanpedro.com.ar\/sitio\/san-nicolas-dia-historico-derrumbaron-el-paredon-del-batallon\/","title":{"rendered":"SAN NICOL\u00c1S | D\u00eda hist\u00f3rico: Derrumbaron el pared\u00f3n del Batall\u00f3n"},"content":{"rendered":"<!-- VideographyWP Plugin Message: Automatic video embedding prevented by plugin options. -->\n\n<p>\n\nEste martes 23 de julio a las 11:00 en punto, los nicole\u00f1os presenciaron un momento hist\u00f3rico para la ciudad: el muro del Batall\u00f3n fue derribado para terminar de poner a San Nicol\u00e1s de cara al r\u00edo aprovechando la costa y abriendo e integrando \u201cEl Batall\u00f3n\u201d a la trama urbana.<\/p>\n\n\n\n<p>Las m\u00e1quinas comenzaron a trabajar desde calle San Lorenzo.\u00a0 <\/p>\n\n\n\n<p>\n\nEn di\u00e1logo con los medios, el intendente municipal, Cdor. Manuel Passaglia explic\u00f3 que con este terreno se sumar\u00e1 el parque m\u00e1s grande la ciudad. Y remarc\u00f3: \u00abNos pudimos poner de acuerdo para que este d\u00eda llegue\u00bb. Estuvo acompa\u00f1ado por Ram\u00f3n Mar\u00eda Lan\u00fas de la Administraci\u00f3n de Bienes del Estado y el Capit\u00e1n Carlos Tomasini del Ej\u00e9rcito Argentino.<\/p>\n\n\n\n<p>Recordemos que, en septiembre de 2018, el Intendente Manuel Passaglia y el Presidente de la Agencia de Administraci\u00f3n de Bienes del Estado (AABE) Ram\u00f3n Lan\u00fas firmaron un convenio para integrar el predio del Batall\u00f3n de la ciudad y vincular el r\u00edo con la trama urbana. <\/p>\n\n\n\n<p>Desde la Municipalidad de San Nicol\u00e1s aseguraron que en dichos terrenos se construir\u00e1 el parque m\u00e1s grande de la ciudad para que pueda ser disfrutado por todos los nicole\u00f1os. <\/p>\n\n\n\n<p> El clima que se vivi\u00f3 fue muy emotivo. Los vecinos recordaban an\u00e9cdotas con los ojos llenos de l\u00e1grimas y mezcla de sentimientos. <\/p>\n\n\n\n<p>Fuente: Diario El Informante<\/p>\n\n\n\n<p><\/p>\n","protected":false},"excerpt":{"rendered":"<p>Este martes 23 de julio a las 11:00 en punto, los nicole\u00f1os presenciaron un momento hist\u00f3rico para la ciudad: el muro del Batall\u00f3n fue derribado para terminar de poner a San Nicol\u00e1s de cara al r\u00edo aprovechando la costa y abriendo e integrando \u201cEl Batall\u00f3n\u201d a la trama urbana. Las m\u00e1quinas comenzaron a trabajar desde [&hellip;]<\/p>\n","protected":false},"author":4,"featured_media":56712,"comment_status":"open","ping_status":"closed","sticky":false,"template":"","format":"standard","meta":{"om_disable_all_campaigns":false,"_jetpack_memberships_contains_paid_content":false,"footnotes":""},"categories":[621],"tags":[],"class_list":["post-56711","post","type-post","status-publish","format-standard","has-post-thumbnail","hentry","category-regionales"],"aioseo_notices":[],"gutentor_comment":0,"jetpack_featured_media_url":"https:\/\/eldiariodesanpedro.com.ar\/sitio\/wp-content\/uploads\/2019\/07\/conmarca21172.jpg","jetpack_shortlink":"https:\/\/wp.me\/p6RhLt-eKH","jetpack_sharing_enabled":true,"_links":{"self":[{"href":"https:\/\/eldiariodesanpedro.com.ar\/sitio\/wp-json\/wp\/v2\/posts\/56711","targetHints":{"allow":["GET"]}}],"collection":[{"href":"https:\/\/eldiariodesanpedro.com.ar\/sitio\/wp-json\/wp\/v2\/posts"}],"about":[{"href":"https:\/\/eldiariodesanpedro.com.ar\/sitio\/wp-json\/wp\/v2\/types\/post"}],"author":[{"embeddable":true,"href":"https:\/\/eldiariodesanpedro.com.ar\/sitio\/wp-json\/wp\/v2\/users\/4"}],"replies":[{"embeddable":true,"href":"https:\/\/eldiariodesanpedro.com.ar\/sitio\/wp-json\/wp\/v2\/comments?post=56711"}],"version-history":[{"count":1,"href":"https:\/\/eldiariodesanpedro.com.ar\/sitio\/wp-json\/wp\/v2\/posts\/56711\/revisions"}],"predecessor-version":[{"id":56713,"href":"https:\/\/eldiariodesanpedro.com.ar\/sitio\/wp-json\/wp\/v2\/posts\/56711\/revisions\/56713"}],"wp:featuredmedia":[{"embeddable":true,"href":"https:\/\/eldiariodesanpedro.com.ar\/sitio\/wp-json\/wp\/v2\/media\/56712"}],"wp:attachment":[{"href":"https:\/\/eldiariodesanpedro.com.ar\/sitio\/wp-json\/wp\/v2\/media?parent=56711"}],"wp:term":[{"taxonomy":"category","embeddable":true,"href":"https:\/\/eldiariodesanpedro.com.ar\/sitio\/wp-json\/wp\/v2\/categories?post=56711"},{"taxonomy":"post_tag","embeddable":true,"href":"https:\/\/eldiariodesanpedro.com.ar\/sitio\/wp-json\/wp\/v2\/tags?post=56711"}],"curies":[{"name":"wp","href":"https:\/\/api.w.org\/{rel}","templated":true}]}}