{"id":5671,"date":"2016-06-22T20:46:36","date_gmt":"2016-06-22T23:46:36","guid":{"rendered":"https:\/\/eldiariodesanpedro.com.ar\/sitio\/?p=5671"},"modified":"2016-06-22T20:46:36","modified_gmt":"2016-06-22T23:46:36","slug":"natalia-romero-estuvimos-media-hora-pidiendo-en-el-escenario-que-vinieran-a-buscar-al-nino","status":"publish","type":"post","link":"https:\/\/eldiariodesanpedro.com.ar\/sitio\/natalia-romero-estuvimos-media-hora-pidiendo-en-el-escenario-que-vinieran-a-buscar-al-nino\/","title":{"rendered":"Natalia Romero: \u201cEstuvimos media hora pidiendo en el escenario que vinieran a buscar al ni\u00f1o\u201d"},"content":{"rendered":"<p><!-- VideographyWP Plugin Message: Automatic video embedding prevented by plugin options. --><br \/>\nLuego de que los padres de un menor contaran a trav\u00e9s de las redes sociales la terrible lesi\u00f3n que le hab\u00eda producido a su hijo una patada de un caballo, los organizadores del evento, celebrado en R\u00edo Tala durante el feriado, respondieron a algunas de las acusaciones.<br \/>\n\u201cEsto tiene otros matices, que es no hacerse cargo de la responsabilidad como padres que tienen sobre la criatura\u201d, dijo Natalia Romero, titular de Radio Rep\u00fablica de R\u00edo Tala, organizadora de la Celebraci\u00f3n del D\u00eda de la Bandera (como fue llamado el festejo realizado en la localidad).<br \/>\nEn ese sentido, relat\u00f3: \u201cHabl\u00e9 con el padre, me habl\u00f3 respetuosamente y le dije que como emisora radial me pon\u00eda a disposici\u00f3n para lo que necesitara y me dijo que era para que tuviera en cuenta de los caballos, que no anduvieran sueltos y en realidad no estaban sueltos, este estaba atado a un \u00e1rbol\u201d. Y agreg\u00f3: \u201cEl ni\u00f1o, y hay testigos, le tir\u00f3 piedras y el animal reaccion\u00f3\u201d. \u201cEstuvimos media hora pidiendo en el escenario que vinieran a buscar al ni\u00f1o\u201d, explic\u00f3 seguidamente y asever\u00f3: \u201cHasta que en un momento [se acerc\u00f3] la t\u00eda, porque los padres no estaban en el predio: el padre estaba mirando el partido de Las Palmeras y la madre no estaba en el predio\u201d. \u201cLa t\u00eda se lo llev\u00f3 volando, no nos dej\u00f3 ning\u00fan dato o si necesitaba algo\u201d, dijo y luego consider\u00f3: \u201cEsta familia termin\u00f3 mediatizando algo que es responsabilidad de ellos\u201d.<br \/>\nSeguidamente, Romero agreg\u00f3: \u201cAl mismo chico, hace un a\u00f1o y medio, lo choc\u00f3 una moto porque estaba jugando en el medio de la calle. Es para revisar esta situaci\u00f3n porque es una familia que no les preocupa estar observando a sus ni\u00f1os\u201d. \u201cEs m\u00e1s para una asistente social\u201d, sentenci\u00f3.<\/p>\n","protected":false},"excerpt":{"rendered":"<p>Luego de que los padres de un menor contaran a trav\u00e9s de las redes sociales la terrible lesi\u00f3n que le hab\u00eda producido a su hijo una patada de un caballo, los organizadores del evento, celebrado en R\u00edo Tala durante el feriado, respondieron a algunas de las acusaciones. \u201cEsto tiene otros matices, que es no hacerse [&hellip;]<\/p>\n","protected":false},"author":4,"featured_media":5672,"comment_status":"open","ping_status":"closed","sticky":false,"template":"","format":"standard","meta":{"om_disable_all_campaigns":false,"_jetpack_memberships_contains_paid_content":false,"footnotes":""},"categories":[101,2],"tags":[],"class_list":["post-5671","post","type-post","status-publish","format-standard","has-post-thumbnail","hentry","category-interes-general-locales","category-locales"],"aioseo_notices":[],"gutentor_comment":0,"jetpack_featured_media_url":"https:\/\/eldiariodesanpedro.com.ar\/sitio\/wp-content\/uploads\/2016\/06\/PAGINA-5-02-1.jpg","jetpack_shortlink":"https:\/\/wp.me\/p6RhLt-1tt","jetpack_sharing_enabled":true,"_links":{"self":[{"href":"https:\/\/eldiariodesanpedro.com.ar\/sitio\/wp-json\/wp\/v2\/posts\/5671","targetHints":{"allow":["GET"]}}],"collection":[{"href":"https:\/\/eldiariodesanpedro.com.ar\/sitio\/wp-json\/wp\/v2\/posts"}],"about":[{"href":"https:\/\/eldiariodesanpedro.com.ar\/sitio\/wp-json\/wp\/v2\/types\/post"}],"author":[{"embeddable":true,"href":"https:\/\/eldiariodesanpedro.com.ar\/sitio\/wp-json\/wp\/v2\/users\/4"}],"replies":[{"embeddable":true,"href":"https:\/\/eldiariodesanpedro.com.ar\/sitio\/wp-json\/wp\/v2\/comments?post=5671"}],"version-history":[{"count":1,"href":"https:\/\/eldiariodesanpedro.com.ar\/sitio\/wp-json\/wp\/v2\/posts\/5671\/revisions"}],"predecessor-version":[{"id":5673,"href":"https:\/\/eldiariodesanpedro.com.ar\/sitio\/wp-json\/wp\/v2\/posts\/5671\/revisions\/5673"}],"wp:featuredmedia":[{"embeddable":true,"href":"https:\/\/eldiariodesanpedro.com.ar\/sitio\/wp-json\/wp\/v2\/media\/5672"}],"wp:attachment":[{"href":"https:\/\/eldiariodesanpedro.com.ar\/sitio\/wp-json\/wp\/v2\/media?parent=5671"}],"wp:term":[{"taxonomy":"category","embeddable":true,"href":"https:\/\/eldiariodesanpedro.com.ar\/sitio\/wp-json\/wp\/v2\/categories?post=5671"},{"taxonomy":"post_tag","embeddable":true,"href":"https:\/\/eldiariodesanpedro.com.ar\/sitio\/wp-json\/wp\/v2\/tags?post=5671"}],"curies":[{"name":"wp","href":"https:\/\/api.w.org\/{rel}","templated":true}]}}