{"id":56708,"date":"2019-07-23T15:45:24","date_gmt":"2019-07-23T18:45:24","guid":{"rendered":"https:\/\/eldiariodesanpedro.com.ar\/sitio\/?p=56708"},"modified":"2019-07-23T15:45:28","modified_gmt":"2019-07-23T18:45:28","slug":"campana-novedades-tras-la-denuncia-sobre-una-red-de-pedofilia-a-traves-de-whatsapp","status":"publish","type":"post","link":"https:\/\/eldiariodesanpedro.com.ar\/sitio\/campana-novedades-tras-la-denuncia-sobre-una-red-de-pedofilia-a-traves-de-whatsapp\/","title":{"rendered":"CAMPANA | Novedades tras la denuncia sobre una red de pedofilia a trav\u00e9s de Whatsapp"},"content":{"rendered":"<!-- VideographyWP Plugin Message: Automatic video embedding prevented by plugin options. -->\n\n<p>\n\nLa denuncia est\u00e1 radicada en la UFI N\u00ba1, a cargo de la Dra. Mabel Amoretti. Desde la Fiscal\u00eda anunciaron que hasta ahora no hubo intentos de captaci\u00f3n sino que enviaban una invitaci\u00f3n para formar parte de un grupo cerrado, a trav\u00e9s del cual se enviaba pornograf\u00eda. La semana pr\u00f3xima se har\u00e1n pericias sobre uno celular de involucrados.<\/p>\n\n\n\n<p>La denuncia est\u00e1 radicada en la UFI ubicada en Beruti 609.En los \u00faltimos d\u00edas, un mensaje de whatsapp alert\u00f3 a la comunidad educativa local, y a la ciudadan\u00eda en general, y hab\u00eda preocupaci\u00f3n al respecto. \u201cA trav\u00e9s de un link que les llega por Whatsapp, hackean los tel\u00e9fonos de los chicos para luego enviarles im\u00e1genes pornogr\u00e1ficas. La actividad se detect\u00f3 en varias escuelas de la ciudad y se present\u00f3 la denuncia\u201d explicaron las autoridades involucradas en el tema.<\/p>\n\n\n\n<p>Tres padres realizaron la denuncia en las \u00faltimas horas y confirmaron que dicha metodolog\u00eda era implementada desde un celular que tiene caracter\u00edstica (c\u00f3digo de llamada) de M\u00e9xico. No obstante, el n\u00famero no pudo ser localizado geogr\u00e1ficamente, por lo tanto se desconoce si el autor de los env\u00edos lo hac\u00eda desde Argentina o desde el Exterior.<\/p>\n\n\n\n<p>La denuncia est\u00e1 radicada en la UFI N\u00ba1, a cargo de la Dra. Mabel Amoretti, y est\u00e1 caratulada como \u201cProducci\u00f3n, comercializaci\u00f3n, etc. de representaci\u00f3n de menores de 18 a\u00f1os dedicados a actividades sexuales\u201d, penado por el art\u00edculo 128 del C\u00f3digo Penal.<\/p>\n\n\n\n<p>Seg\u00fan informaron desde la Fiscal\u00eda \u201cno hubo captaci\u00f3n de menores sino que se cre\u00f3 un grupo de whatsapp cerrado y deben aceptar una invitaci\u00f3n para que la otra persona tenga acceso a enviar el material pornogr\u00e1fico\u201d. Asimismo anunciaron que para mayor informaci\u00f3n se pueden dirigir a la misma dependencia, ubicada en Beruti 609 de nuestra ciudad.&nbsp;<\/p>\n\n\n\n<p>Cabe destacar que la Justicia local envi\u00f3 un oficio a Whatsapp EEUU (empresa adquirida por Facebook en 2014), desde donde se interiorizaron de la situaci\u00f3n y prestar\u00e1n colaboraci\u00f3n con la causa.<\/p>\n\n\n\n<p>Tambi\u00e9n desde la fiscal\u00eda confirmaron que la semana pr\u00f3xima se realizar\u00e1n pericias a uno de los celulares de los menores para tener mayor informaci\u00f3n e intentar localizar al autor de esta \u201cmaniobra\u201d que se ven\u00eda replicando cn alumnos de distintos colegios de la ciudad de Campana.\n\n<\/p>\n","protected":false},"excerpt":{"rendered":"<p>La denuncia est\u00e1 radicada en la UFI N\u00ba1, a cargo de la Dra. Mabel Amoretti. Desde la Fiscal\u00eda anunciaron que hasta ahora no hubo intentos de captaci\u00f3n sino que enviaban una invitaci\u00f3n para formar parte de un grupo cerrado, a trav\u00e9s del cual se enviaba pornograf\u00eda. La semana pr\u00f3xima se har\u00e1n pericias sobre uno celular [&hellip;]<\/p>\n","protected":false},"author":4,"featured_media":56709,"comment_status":"open","ping_status":"closed","sticky":false,"template":"","format":"standard","meta":{"om_disable_all_campaigns":false,"_jetpack_memberships_contains_paid_content":false,"footnotes":""},"categories":[621],"tags":[],"class_list":["post-56708","post","type-post","status-publish","format-standard","has-post-thumbnail","hentry","category-regionales"],"aioseo_notices":[],"gutentor_comment":0,"jetpack_featured_media_url":"https:\/\/eldiariodesanpedro.com.ar\/sitio\/wp-content\/uploads\/2019\/07\/20190723092213.jpg","jetpack_shortlink":"https:\/\/wp.me\/p6RhLt-eKE","jetpack_sharing_enabled":true,"_links":{"self":[{"href":"https:\/\/eldiariodesanpedro.com.ar\/sitio\/wp-json\/wp\/v2\/posts\/56708","targetHints":{"allow":["GET"]}}],"collection":[{"href":"https:\/\/eldiariodesanpedro.com.ar\/sitio\/wp-json\/wp\/v2\/posts"}],"about":[{"href":"https:\/\/eldiariodesanpedro.com.ar\/sitio\/wp-json\/wp\/v2\/types\/post"}],"author":[{"embeddable":true,"href":"https:\/\/eldiariodesanpedro.com.ar\/sitio\/wp-json\/wp\/v2\/users\/4"}],"replies":[{"embeddable":true,"href":"https:\/\/eldiariodesanpedro.com.ar\/sitio\/wp-json\/wp\/v2\/comments?post=56708"}],"version-history":[{"count":1,"href":"https:\/\/eldiariodesanpedro.com.ar\/sitio\/wp-json\/wp\/v2\/posts\/56708\/revisions"}],"predecessor-version":[{"id":56710,"href":"https:\/\/eldiariodesanpedro.com.ar\/sitio\/wp-json\/wp\/v2\/posts\/56708\/revisions\/56710"}],"wp:featuredmedia":[{"embeddable":true,"href":"https:\/\/eldiariodesanpedro.com.ar\/sitio\/wp-json\/wp\/v2\/media\/56709"}],"wp:attachment":[{"href":"https:\/\/eldiariodesanpedro.com.ar\/sitio\/wp-json\/wp\/v2\/media?parent=56708"}],"wp:term":[{"taxonomy":"category","embeddable":true,"href":"https:\/\/eldiariodesanpedro.com.ar\/sitio\/wp-json\/wp\/v2\/categories?post=56708"},{"taxonomy":"post_tag","embeddable":true,"href":"https:\/\/eldiariodesanpedro.com.ar\/sitio\/wp-json\/wp\/v2\/tags?post=56708"}],"curies":[{"name":"wp","href":"https:\/\/api.w.org\/{rel}","templated":true}]}}