{"id":56705,"date":"2019-07-23T11:59:04","date_gmt":"2019-07-23T14:59:04","guid":{"rendered":"https:\/\/eldiariodesanpedro.com.ar\/sitio\/?p=56705"},"modified":"2019-07-23T11:59:09","modified_gmt":"2019-07-23T14:59:09","slug":"baradero-el-peor-final-fallecio-elizabeth-zurita","status":"publish","type":"post","link":"https:\/\/eldiariodesanpedro.com.ar\/sitio\/baradero-el-peor-final-fallecio-elizabeth-zurita\/","title":{"rendered":"BARADERO | El peor final: Falleci\u00f3 Elizabeth Zurita"},"content":{"rendered":"<!-- VideographyWP Plugin Message: Automatic video embedding prevented by plugin options. -->\n\n<p>Lamentablemente falleci\u00f3 la interna de APAND que hace varios d\u00edas se encontraba internada en terapia intensiva del hospital.<\/p>\n\n\n\n<p>Mientras los concejales estaban reunidos con la directora de la instituci\u00f3n, Teresita Zuloaga, familiares que se encontraban afuera esperando definiciones sobre ese encuentro, fueron informados del triste desenlace.<\/p>\n\n\n\n<p>Recordemos que Elizabeth Zurita ingreso con una grave afecci\u00f3n pulmonar al nosocomio local y moretones de los que todav\u00eda no se pudieron establecer la causa que los origin\u00f3.<\/p>\n\n\n\n<p>Ayer los familiares y amigos realizaron una marcha pidiendo justicia y tuvieron un fuerte cruce con Zuloaga.<\/p>\n\n\n\n<p>Elizabeth es la segunda interna de APAND que falleci\u00f3 en el lapso de quince d\u00edas.<\/p>\n\n\n\n<p>Fuente: Baradero Te Informa<\/p>\n\n\n\n<figure class=\"wp-block-image\"><img decoding=\"async\" width=\"1024\" height=\"683\" data-attachment-id=\"56706\" data-permalink=\"https:\/\/eldiariodesanpedro.com.ar\/sitio\/baradero-el-peor-final-fallecio-elizabeth-zurita\/img_4797-copy-1\/\" data-orig-file=\"https:\/\/eldiariodesanpedro.com.ar\/sitio\/wp-content\/uploads\/2019\/07\/IMG_4797-Copy-1.jpg\" data-orig-size=\"1024,683\" data-comments-opened=\"1\" data-image-meta=\"{&quot;aperture&quot;:&quot;10&quot;,&quot;credit&quot;:&quot;&quot;,&quot;camera&quot;:&quot;Canon EOS 70D&quot;,&quot;caption&quot;:&quot;&quot;,&quot;created_timestamp&quot;:&quot;1563803201&quot;,&quot;copyright&quot;:&quot;&quot;,&quot;focal_length&quot;:&quot;59&quot;,&quot;iso&quot;:&quot;100&quot;,&quot;shutter_speed&quot;:&quot;0.003125&quot;,&quot;title&quot;:&quot;&quot;,&quot;orientation&quot;:&quot;1&quot;}\" data-image-title=\"IMG_4797-Copy-1\" data-image-description=\"\" data-image-caption=\"\" data-large-file=\"https:\/\/eldiariodesanpedro.com.ar\/sitio\/wp-content\/uploads\/2019\/07\/IMG_4797-Copy-1-1024x683.jpg\" data-src=\"https:\/\/eldiariodesanpedro.com.ar\/sitio\/wp-content\/uploads\/2019\/07\/IMG_4797-Copy-1-1024x683.jpg\" alt=\"\" class=\"wp-image-56706 lazyload\" data-srcset=\"https:\/\/eldiariodesanpedro.com.ar\/sitio\/wp-content\/uploads\/2019\/07\/IMG_4797-Copy-1.jpg 1024w, https:\/\/eldiariodesanpedro.com.ar\/sitio\/wp-content\/uploads\/2019\/07\/IMG_4797-Copy-1-300x200.jpg 300w, https:\/\/eldiariodesanpedro.com.ar\/sitio\/wp-content\/uploads\/2019\/07\/IMG_4797-Copy-1-768x512.jpg 768w\" data-sizes=\"(max-width: 1024px) 100vw, 1024px\" src=\"data:image\/svg+xml;base64,PHN2ZyB3aWR0aD0iMSIgaGVpZ2h0PSIxIiB4bWxucz0iaHR0cDovL3d3dy53My5vcmcvMjAwMC9zdmciPjwvc3ZnPg==\" style=\"--smush-placeholder-width: 1024px; --smush-placeholder-aspect-ratio: 1024\/683;\" \/><\/figure>\n","protected":false},"excerpt":{"rendered":"<p>Lamentablemente falleci\u00f3 la interna de APAND que hace varios d\u00edas se encontraba internada en terapia intensiva del hospital. Mientras los concejales estaban reunidos con la directora de la instituci\u00f3n, Teresita Zuloaga, familiares que se encontraban afuera esperando definiciones sobre ese encuentro, fueron informados del triste desenlace. Recordemos que Elizabeth Zurita ingreso con una grave afecci\u00f3n [&hellip;]<\/p>\n","protected":false},"author":4,"featured_media":56706,"comment_status":"open","ping_status":"closed","sticky":false,"template":"","format":"standard","meta":{"om_disable_all_campaigns":false,"_jetpack_memberships_contains_paid_content":false,"footnotes":""},"categories":[50,621],"tags":[],"class_list":["post-56705","post","type-post","status-publish","format-standard","has-post-thumbnail","hentry","category-destacadas","category-regionales"],"aioseo_notices":[],"gutentor_comment":0,"jetpack_featured_media_url":"https:\/\/eldiariodesanpedro.com.ar\/sitio\/wp-content\/uploads\/2019\/07\/IMG_4797-Copy-1.jpg","jetpack_shortlink":"https:\/\/wp.me\/p6RhLt-eKB","jetpack_sharing_enabled":true,"_links":{"self":[{"href":"https:\/\/eldiariodesanpedro.com.ar\/sitio\/wp-json\/wp\/v2\/posts\/56705","targetHints":{"allow":["GET"]}}],"collection":[{"href":"https:\/\/eldiariodesanpedro.com.ar\/sitio\/wp-json\/wp\/v2\/posts"}],"about":[{"href":"https:\/\/eldiariodesanpedro.com.ar\/sitio\/wp-json\/wp\/v2\/types\/post"}],"author":[{"embeddable":true,"href":"https:\/\/eldiariodesanpedro.com.ar\/sitio\/wp-json\/wp\/v2\/users\/4"}],"replies":[{"embeddable":true,"href":"https:\/\/eldiariodesanpedro.com.ar\/sitio\/wp-json\/wp\/v2\/comments?post=56705"}],"version-history":[{"count":1,"href":"https:\/\/eldiariodesanpedro.com.ar\/sitio\/wp-json\/wp\/v2\/posts\/56705\/revisions"}],"predecessor-version":[{"id":56707,"href":"https:\/\/eldiariodesanpedro.com.ar\/sitio\/wp-json\/wp\/v2\/posts\/56705\/revisions\/56707"}],"wp:featuredmedia":[{"embeddable":true,"href":"https:\/\/eldiariodesanpedro.com.ar\/sitio\/wp-json\/wp\/v2\/media\/56706"}],"wp:attachment":[{"href":"https:\/\/eldiariodesanpedro.com.ar\/sitio\/wp-json\/wp\/v2\/media?parent=56705"}],"wp:term":[{"taxonomy":"category","embeddable":true,"href":"https:\/\/eldiariodesanpedro.com.ar\/sitio\/wp-json\/wp\/v2\/categories?post=56705"},{"taxonomy":"post_tag","embeddable":true,"href":"https:\/\/eldiariodesanpedro.com.ar\/sitio\/wp-json\/wp\/v2\/tags?post=56705"}],"curies":[{"name":"wp","href":"https:\/\/api.w.org\/{rel}","templated":true}]}}