{"id":56700,"date":"2019-07-23T11:04:05","date_gmt":"2019-07-23T14:04:05","guid":{"rendered":"https:\/\/eldiariodesanpedro.com.ar\/sitio\/?p=56700"},"modified":"2019-07-23T11:04:09","modified_gmt":"2019-07-23T14:04:09","slug":"el-hombre-que-se-cayo-de-un-techo-fue-trasladado-a-buenos-aires","status":"publish","type":"post","link":"https:\/\/eldiariodesanpedro.com.ar\/sitio\/el-hombre-que-se-cayo-de-un-techo-fue-trasladado-a-buenos-aires\/","title":{"rendered":"El hombre que se cay\u00f3 de un techo fue trasladado a Buenos Aires"},"content":{"rendered":"<!-- VideographyWP Plugin Message: Automatic video embedding prevented by plugin options. -->\n\n<p>El hombre de 37 a\u00f1os de edad que sufri\u00f3 un accidente este lunes en horas de la tarde cuando cay\u00f3 desde el techo de una vivienda en una altura similar a un segundo piso durante la madrugada de martes fue trasladado a un centro de mayor complejidad en la ciudad de Capital Federal.<\/p>\n\n\n\n<p>Recordemos que el hecho ocurri\u00f3 este lunes alrededor de las 17 hs cuando un Leonardo Albornoz de 37 a\u00f1os de edad  se present\u00f3 en el domicilio ubicado en calle Rivadavia 1489 para realizar unos arreglos en el tanque de agua, por motivos que se tratan de establecer este ciudadano pierde estabilidad cayendo desde m\u00e1s de un segundo piso, por lo que se hicieron presentes una unidad de Bomberos Voluntarios para socorrer a esta persona y ademas una ambulancia del SAME para trasladarlo hasta el nosocomio local.<\/p>\n\n\n\n<p>Al llegar al Hospital Emilio Ruffa se pudo determinar que Albornoz presentaba \u00abfractura de cr\u00e1neo y cadera\u00bb por lo que se tom\u00f3 la determinaci\u00f3n de ser trasladado hasta el Sanatorio de la Providencia  en la ciudad de Buenos Aires donde continuar\u00e1 con su recuperaci\u00f3n.<\/p>\n\n\n\n<p> <\/p>\n","protected":false},"excerpt":{"rendered":"<p>El hombre de 37 a\u00f1os de edad que sufri\u00f3 un accidente este lunes en horas de la tarde cuando cay\u00f3 desde el techo de una vivienda en una altura similar a un segundo piso durante la madrugada de martes fue trasladado a un centro de mayor complejidad en la ciudad de Capital Federal. Recordemos que [&hellip;]<\/p>\n","protected":false},"author":4,"featured_media":56671,"comment_status":"open","ping_status":"closed","sticky":false,"template":"","format":"standard","meta":{"om_disable_all_campaigns":false,"_jetpack_memberships_contains_paid_content":false,"footnotes":""},"categories":[50,101,2],"tags":[],"class_list":["post-56700","post","type-post","status-publish","format-standard","has-post-thumbnail","hentry","category-destacadas","category-interes-general-locales","category-locales"],"aioseo_notices":[],"gutentor_comment":0,"jetpack_featured_media_url":"https:\/\/eldiariodesanpedro.com.ar\/sitio\/wp-content\/uploads\/2019\/07\/20190722_180555-e1563834492503.jpg","jetpack_shortlink":"https:\/\/wp.me\/p6RhLt-eKw","jetpack_sharing_enabled":true,"_links":{"self":[{"href":"https:\/\/eldiariodesanpedro.com.ar\/sitio\/wp-json\/wp\/v2\/posts\/56700","targetHints":{"allow":["GET"]}}],"collection":[{"href":"https:\/\/eldiariodesanpedro.com.ar\/sitio\/wp-json\/wp\/v2\/posts"}],"about":[{"href":"https:\/\/eldiariodesanpedro.com.ar\/sitio\/wp-json\/wp\/v2\/types\/post"}],"author":[{"embeddable":true,"href":"https:\/\/eldiariodesanpedro.com.ar\/sitio\/wp-json\/wp\/v2\/users\/4"}],"replies":[{"embeddable":true,"href":"https:\/\/eldiariodesanpedro.com.ar\/sitio\/wp-json\/wp\/v2\/comments?post=56700"}],"version-history":[{"count":1,"href":"https:\/\/eldiariodesanpedro.com.ar\/sitio\/wp-json\/wp\/v2\/posts\/56700\/revisions"}],"predecessor-version":[{"id":56704,"href":"https:\/\/eldiariodesanpedro.com.ar\/sitio\/wp-json\/wp\/v2\/posts\/56700\/revisions\/56704"}],"wp:featuredmedia":[{"embeddable":true,"href":"https:\/\/eldiariodesanpedro.com.ar\/sitio\/wp-json\/wp\/v2\/media\/56671"}],"wp:attachment":[{"href":"https:\/\/eldiariodesanpedro.com.ar\/sitio\/wp-json\/wp\/v2\/media?parent=56700"}],"wp:term":[{"taxonomy":"category","embeddable":true,"href":"https:\/\/eldiariodesanpedro.com.ar\/sitio\/wp-json\/wp\/v2\/categories?post=56700"},{"taxonomy":"post_tag","embeddable":true,"href":"https:\/\/eldiariodesanpedro.com.ar\/sitio\/wp-json\/wp\/v2\/tags?post=56700"}],"curies":[{"name":"wp","href":"https:\/\/api.w.org\/{rel}","templated":true}]}}