{"id":567,"date":"2015-11-23T22:21:35","date_gmt":"2015-11-24T01:21:35","guid":{"rendered":"http:\/\/www.eldiariodesanpedro.com.ar\/?p=567"},"modified":"2015-11-26T22:41:08","modified_gmt":"2015-11-27T01:41:08","slug":"dos-personas-oriundas-de-gdor-castro-implicados-en-el-crimen-de-ramallo","status":"publish","type":"post","link":"https:\/\/eldiariodesanpedro.com.ar\/sitio\/dos-personas-oriundas-de-gdor-castro-implicados-en-el-crimen-de-ramallo\/","title":{"rendered":"Dos personas oriundas de Gdor. Castro implicados en el crimen de Ramallo"},"content":{"rendered":"<p><!-- VideographyWP Plugin Message: Automatic video embedding prevented by plugin options. --><br \/>\nSilvia Garc\u00eda, de 40 a\u00f1os, fue encontrada sin vida en la verduler\u00eda donde trabajaba, detr\u00e1s uno cajones, con una bolsa cubri\u00e9ndole la cabeza y heridas de arma blanca. Como consecuencia de ello, detuvieron a los due\u00f1os del comercio: Ram\u00f3n Ovejero, oriundo de Gdor. Castro, es el nombre del due\u00f1o del comercio y presunto autor del crimen, junto a su mujer Mariel Zamora.<br \/>\nEl jueves a la noche, Gabriel Guglielmetti, el ex marido de Garc\u00eda, de quien estaba separada hace seis meses, concurri\u00f3 a la casa a llevar a sus hijos de 13 y 3 a\u00f1os, ya que hab\u00edan estado con \u00e9l seg\u00fan el r\u00e9gimen de visitas que ten\u00edan acordado.<br \/>\nComo el hombre no la encontr\u00f3, concurri\u00f3 a la verduler\u00eda, pero debido a que all\u00ed le dijeron que no estaba y se hab\u00eda retirado a las 21, decidi\u00f3 realizar la denuncia policial.<br \/>\nEfectivos de la Coordinadora Departamental de Investigaciones (CDI) Ramallo comenzaron a revisar las c\u00e1maras de seguridad de la zona y determinaron que la v\u00edctima hab\u00eda salido del negocio a las 21 y fue a realizar unas compras a un supermercado chino.<br \/>\nTras salir de ese local, se dirigi\u00f3 nuevamente caminando hacia el lado de la verduler\u00eda y si bien no se la vio entrar, no pudo ser ubicada en ninguna otra secuencia de im\u00e1genes, por lo que se dedujo que hab\u00eda subido a un auto o regresado a su lugar de trabajo.<br \/>\nLos due\u00f1os del negocio, Ram\u00f3n Ovejero (42) y su esposa, fueron convocados a declarar esta tarde a la comisar\u00eda y consultados acerca de los \u00faltimos movimientos de la mujer empezaron a entrar en contradicciones.<br \/>\nEntonces, por protocolo, se los llev\u00f3 al local, ubicado en la esquina de San Mart\u00edn y Sarmiento y que no hab\u00eda sido abierto esta ma\u00f1ana, y al inspeccionarlo, cerca de las 17, se encontr\u00f3 el cuerpo de la v\u00edctima dentro de la c\u00e1mara frigor\u00edfica.<br \/>\nEn forma inmediata se aprehendi\u00f3 a Ovejero y a su esposa, quienes qued\u00f3 a disposici\u00f3n del titular de la Unidad Funcional 6 de San Nicol\u00e1s, Dar\u00edo Giagnorio.<br \/>\nUna fuente de la investigaci\u00f3n se\u00f1al\u00f3 que Garc\u00eda y el matrimonio detenido manten\u00edan una relaci\u00f3n de amistad y que era frecuente que comieran juntos los fines de semana.<br \/>\nIncluso desde esta ma\u00f1ana, hab\u00edan participado activamente de la b\u00fasqueda de Silvia junto a sus familiares y amigos en distintos lugares de Ramallo.<\/p>\n<h2 style=\"text-align: center;\">\u201cEsto fue como m\u00ednimo planificado<br \/>\nporque se trat\u00f3 ocultar el cuerpo\u201d<\/h2>\n<p>En ese sentido el Jefe Distrital de la localidad, comisario Gustavo Lavagnino cont\u00f3 a trav\u00e9s de FM G\u00e9nesis que ambos implicados en el hecho, Ram\u00f3n Ovejero y su mujer Mariel Zamora, fueron trasladados a San Nicol\u00e1s. \u201cDe inmediato fue evacuado a San Nicol\u00e1s porque hab\u00eda en inmediaciones, familiares. Lo propio se hizo con la esposa que tambi\u00e9n est\u00e1 detenida y ambos est\u00e1n imputados por el hecho que se investiga\u201d.<br \/>\nEn tanto que el comisario destac\u00f3 que ese d\u00eda cerraron el comercio, \u201cellos estaban colaborando con el trabajo de la polic\u00eda y adem\u00e1s participaron de una reuni\u00f3n que tuve yo con los familiares, porque hab\u00eda una relaci\u00f3n de amistad\u201d. Seguidamente dijo: \u201cEn primer t\u00e9rmino no nos parec\u00eda una persona sospechosa pero con el correr de las horas, por distintas actitudes y trabajos que se fue realizando, terminamos llegando al domicilio comercial y donde nos encontramos con esta situaci\u00f3n terrible\u201d.<br \/>\nEn tanto que el Jefe Distrital asever\u00f3 que el imputado \u201cpersegu\u00eda era la impunidad a sabiendas de nuestro trabajo, pero nos subestim\u00f3 y ese fue su error\u201d. \u201cQuer\u00eda aprovechar la nocturnidad para poder deshacerse del cuerpo sin vida\u201d.<br \/>\nEn cuanto a la escena del hecho, Lavagnino asever\u00f3: \u201cSe ha notado que hubo limpieza\u201d adem\u00e1s agreg\u00f3: \u201cPara nosotros fue en otro lugar y despu\u00e9s trasladada a la c\u00e1mara\u201d<br \/>\nPor \u00faltimo asegur\u00f3: \u201cHay suficientes elementos para que estas personas sean trasladas a juicio\u201d. \u201cEsto fue como m\u00ednimo planificado porque se trat\u00f3 ocultar el cuerpo\u201d.<\/p>\n","protected":false},"excerpt":{"rendered":"<p>Silvia Garc\u00eda, de 40 a\u00f1os, fue encontrada sin vida en la verduler\u00eda donde trabajaba, detr\u00e1s uno cajones, con una bolsa cubri\u00e9ndole la cabeza y heridas de arma blanca. Como consecuencia de ello, detuvieron a los due\u00f1os del comercio: Ram\u00f3n Ovejero, oriundo de Gdor. Castro, es el nombre del due\u00f1o del comercio y presunto autor del [&hellip;]<\/p>\n","protected":false},"author":4,"featured_media":569,"comment_status":"open","ping_status":"closed","sticky":false,"template":"","format":"standard","meta":{"om_disable_all_campaigns":false,"_jetpack_memberships_contains_paid_content":false,"footnotes":""},"categories":[2,103],"tags":[],"class_list":["post-567","post","type-post","status-publish","format-standard","has-post-thumbnail","hentry","category-locales","category-policiales-locales"],"aioseo_notices":[],"gutentor_comment":0,"jetpack_featured_media_url":"https:\/\/eldiariodesanpedro.com.ar\/sitio\/wp-content\/uploads\/2015\/11\/PAGINA-32.jpg","jetpack_shortlink":"https:\/\/wp.me\/p6RhLt-99","jetpack_sharing_enabled":true,"_links":{"self":[{"href":"https:\/\/eldiariodesanpedro.com.ar\/sitio\/wp-json\/wp\/v2\/posts\/567","targetHints":{"allow":["GET"]}}],"collection":[{"href":"https:\/\/eldiariodesanpedro.com.ar\/sitio\/wp-json\/wp\/v2\/posts"}],"about":[{"href":"https:\/\/eldiariodesanpedro.com.ar\/sitio\/wp-json\/wp\/v2\/types\/post"}],"author":[{"embeddable":true,"href":"https:\/\/eldiariodesanpedro.com.ar\/sitio\/wp-json\/wp\/v2\/users\/4"}],"replies":[{"embeddable":true,"href":"https:\/\/eldiariodesanpedro.com.ar\/sitio\/wp-json\/wp\/v2\/comments?post=567"}],"version-history":[{"count":1,"href":"https:\/\/eldiariodesanpedro.com.ar\/sitio\/wp-json\/wp\/v2\/posts\/567\/revisions"}],"predecessor-version":[{"id":570,"href":"https:\/\/eldiariodesanpedro.com.ar\/sitio\/wp-json\/wp\/v2\/posts\/567\/revisions\/570"}],"wp:featuredmedia":[{"embeddable":true,"href":"https:\/\/eldiariodesanpedro.com.ar\/sitio\/wp-json\/wp\/v2\/media\/569"}],"wp:attachment":[{"href":"https:\/\/eldiariodesanpedro.com.ar\/sitio\/wp-json\/wp\/v2\/media?parent=567"}],"wp:term":[{"taxonomy":"category","embeddable":true,"href":"https:\/\/eldiariodesanpedro.com.ar\/sitio\/wp-json\/wp\/v2\/categories?post=567"},{"taxonomy":"post_tag","embeddable":true,"href":"https:\/\/eldiariodesanpedro.com.ar\/sitio\/wp-json\/wp\/v2\/tags?post=567"}],"curies":[{"name":"wp","href":"https:\/\/api.w.org\/{rel}","templated":true}]}}