{"id":56694,"date":"2019-07-23T10:59:56","date_gmt":"2019-07-23T13:59:56","guid":{"rendered":"https:\/\/eldiariodesanpedro.com.ar\/sitio\/?p=56694"},"modified":"2019-07-23T11:00:00","modified_gmt":"2019-07-23T14:00:00","slug":"obra-de-teatro-requetejuega","status":"publish","type":"post","link":"https:\/\/eldiariodesanpedro.com.ar\/sitio\/obra-de-teatro-requetejuega\/","title":{"rendered":"Obra de Teatro Requetejuega"},"content":{"rendered":"<!-- VideographyWP Plugin Message: Automatic video embedding prevented by plugin options. -->\n\n<p>Desde el lunes 22 de julio al 28 en los horarios de 15y30 y 17y30hs. en el Teatro Municipal Siripo. Las entradas se pueden adquirir en la boleter\u00eda del mismo a partir de las 14 y 30 horas todos los d\u00edas o podes reservar al 3329 528209 (Daniel)<\/p>\n\n\n\n<p>Una obra de Santiago Doria representada por Olga Monteverde como Esperanza, Sol Storti la bailarina, Ulises Casta\u00f1arez como el cuentacuentos, Miguel Angel Ar\u00e9valo como Carlitos que le apasiona cantar.<\/p>\n\n\n\n<p>Todos los protagonistas de esta obra cantan, bailan y tienen una pasi\u00f3n, un deseo que lo comparten con el p\u00fablico.<\/p>\n\n\n\n<p> En la obra interact\u00faan jugando,  con el lema de poder demostrar que \u00abso\u00f1ando porque todo lo que sue\u00f1as y deseas de coraz\u00f3n se cumple\u00bb. <\/p>\n\n\n\n<p>La obra cuenta con escenograf\u00eda de la mano de Karen Ramallo, vestuario Patricia Rivet, maquillaje Bel\u00e9n L\u00f3pez, dise\u00f1o gr\u00e1fico Mar\u00eda Paula Barman, fotograf\u00eda David Kukino Kurlat, m\u00fasica Pablo Ramirez direcci\u00f3n Daniel Corti.<\/p>\n\n\n\n<figure class=\"wp-block-image\"><img decoding=\"async\" width=\"692\" height=\"960\" data-attachment-id=\"56701\" data-permalink=\"https:\/\/eldiariodesanpedro.com.ar\/sitio\/obra-de-teatro-requetejuega\/67073244_2862509280431698_338997980512124928_n\/\" data-orig-file=\"https:\/\/eldiariodesanpedro.com.ar\/sitio\/wp-content\/uploads\/2019\/07\/67073244_2862509280431698_338997980512124928_n.jpg\" data-orig-size=\"692,960\" data-comments-opened=\"1\" data-image-meta=\"{&quot;aperture&quot;:&quot;0&quot;,&quot;credit&quot;:&quot;&quot;,&quot;camera&quot;:&quot;&quot;,&quot;caption&quot;:&quot;&quot;,&quot;created_timestamp&quot;:&quot;0&quot;,&quot;copyright&quot;:&quot;&quot;,&quot;focal_length&quot;:&quot;0&quot;,&quot;iso&quot;:&quot;0&quot;,&quot;shutter_speed&quot;:&quot;0&quot;,&quot;title&quot;:&quot;&quot;,&quot;orientation&quot;:&quot;0&quot;}\" data-image-title=\"67073244_2862509280431698_338997980512124928_n\" data-image-description=\"\" data-image-caption=\"\" data-large-file=\"https:\/\/eldiariodesanpedro.com.ar\/sitio\/wp-content\/uploads\/2019\/07\/67073244_2862509280431698_338997980512124928_n.jpg\" data-src=\"https:\/\/eldiariodesanpedro.com.ar\/sitio\/wp-content\/uploads\/2019\/07\/67073244_2862509280431698_338997980512124928_n.jpg\" alt=\"\" class=\"wp-image-56701 lazyload\" data-srcset=\"https:\/\/eldiariodesanpedro.com.ar\/sitio\/wp-content\/uploads\/2019\/07\/67073244_2862509280431698_338997980512124928_n.jpg 692w, https:\/\/eldiariodesanpedro.com.ar\/sitio\/wp-content\/uploads\/2019\/07\/67073244_2862509280431698_338997980512124928_n-216x300.jpg 216w\" data-sizes=\"(max-width: 692px) 100vw, 692px\" src=\"data:image\/svg+xml;base64,PHN2ZyB3aWR0aD0iMSIgaGVpZ2h0PSIxIiB4bWxucz0iaHR0cDovL3d3dy53My5vcmcvMjAwMC9zdmciPjwvc3ZnPg==\" style=\"--smush-placeholder-width: 692px; --smush-placeholder-aspect-ratio: 692\/960;\" \/><\/figure>\n","protected":false},"excerpt":{"rendered":"<p>Desde el lunes 22 de julio al 28 en los horarios de 15y30 y 17y30hs. en el Teatro Municipal Siripo. Las entradas se pueden adquirir en la boleter\u00eda del mismo a partir de las 14 y 30 horas todos los d\u00edas o podes reservar al 3329 528209 (Daniel) Una obra de Santiago Doria representada por [&hellip;]<\/p>\n","protected":false},"author":4,"featured_media":56702,"comment_status":"open","ping_status":"closed","sticky":false,"template":"","format":"standard","meta":{"om_disable_all_campaigns":false,"_jetpack_memberships_contains_paid_content":false,"footnotes":""},"categories":[101,2],"tags":[],"class_list":["post-56694","post","type-post","status-publish","format-standard","has-post-thumbnail","hentry","category-interes-general-locales","category-locales"],"aioseo_notices":[],"gutentor_comment":0,"jetpack_featured_media_url":"https:\/\/eldiariodesanpedro.com.ar\/sitio\/wp-content\/uploads\/2019\/07\/67073244_2862509280431698_338997980512124928_n-1.jpg","jetpack_shortlink":"https:\/\/wp.me\/p6RhLt-eKq","jetpack_sharing_enabled":true,"_links":{"self":[{"href":"https:\/\/eldiariodesanpedro.com.ar\/sitio\/wp-json\/wp\/v2\/posts\/56694","targetHints":{"allow":["GET"]}}],"collection":[{"href":"https:\/\/eldiariodesanpedro.com.ar\/sitio\/wp-json\/wp\/v2\/posts"}],"about":[{"href":"https:\/\/eldiariodesanpedro.com.ar\/sitio\/wp-json\/wp\/v2\/types\/post"}],"author":[{"embeddable":true,"href":"https:\/\/eldiariodesanpedro.com.ar\/sitio\/wp-json\/wp\/v2\/users\/4"}],"replies":[{"embeddable":true,"href":"https:\/\/eldiariodesanpedro.com.ar\/sitio\/wp-json\/wp\/v2\/comments?post=56694"}],"version-history":[{"count":1,"href":"https:\/\/eldiariodesanpedro.com.ar\/sitio\/wp-json\/wp\/v2\/posts\/56694\/revisions"}],"predecessor-version":[{"id":56703,"href":"https:\/\/eldiariodesanpedro.com.ar\/sitio\/wp-json\/wp\/v2\/posts\/56694\/revisions\/56703"}],"wp:featuredmedia":[{"embeddable":true,"href":"https:\/\/eldiariodesanpedro.com.ar\/sitio\/wp-json\/wp\/v2\/media\/56702"}],"wp:attachment":[{"href":"https:\/\/eldiariodesanpedro.com.ar\/sitio\/wp-json\/wp\/v2\/media?parent=56694"}],"wp:term":[{"taxonomy":"category","embeddable":true,"href":"https:\/\/eldiariodesanpedro.com.ar\/sitio\/wp-json\/wp\/v2\/categories?post=56694"},{"taxonomy":"post_tag","embeddable":true,"href":"https:\/\/eldiariodesanpedro.com.ar\/sitio\/wp-json\/wp\/v2\/tags?post=56694"}],"curies":[{"name":"wp","href":"https:\/\/api.w.org\/{rel}","templated":true}]}}