{"id":56693,"date":"2019-07-23T10:49:57","date_gmt":"2019-07-23T13:49:57","guid":{"rendered":"https:\/\/eldiariodesanpedro.com.ar\/sitio\/?p=56693"},"modified":"2019-07-23T10:50:01","modified_gmt":"2019-07-23T13:50:01","slug":"salazar-participo-de-un-encuentro-con-el-candidato-a-vicepresidente-miguel-pichetto","status":"publish","type":"post","link":"https:\/\/eldiariodesanpedro.com.ar\/sitio\/salazar-participo-de-un-encuentro-con-el-candidato-a-vicepresidente-miguel-pichetto\/","title":{"rendered":"Salazar particip\u00f3 de un encuentro con el candidato a Vicepresidente Miguel Pichetto"},"content":{"rendered":"<!-- VideographyWP Plugin Message: Automatic video embedding prevented by plugin options. -->\n\n<p>\n\nLa reuni\u00f3n se desarroll\u00f3 en la sede del sindicato y adem\u00e1s del Intendente sampedrino tambi\u00e9n intervinieron las principales autoridades de la Uatre.&nbsp;\n\n<\/p>\n\n\n\n<p>El candidato a vicepresidente por el frente Juntos por el Cambio, Miguel Pichetto, particip\u00f3 este lunes de un encuentro con las autoridades de la Uni\u00f3n Argentina de Trabajadores Rurales y Estibadores. De la reuni\u00f3n tom\u00f3 parte el Intendente de nuestra ciudad Cecilio Salazar, precandidato a Intendente por el mismo sector.\u00a0<\/p>\n\n\n\n<p>Lo m\u00e1s significativo de la convocatoria fue el apoyo que la entidad brind\u00f3 al candidato y donde su titular, Ram\u00f3n Ayala, adelant\u00f3 su respaldo a\u00a0la f\u00f3rmula que conforma con el presidente Macri.\u00a0<\/p>\n\n\n\n<p>Adem\u00e1s de Ayala y Salazar, tambi\u00e9n estuvieron presentes Ricardo Ledo, delegado del RENATRE de R\u00edo Negro; Pablo Ansaloni, diputado nacional por el partido FE,&nbsp;Juan Carlos Lavatelli, candidato a intendente de la ciudad de Col\u00f3n, Arturo Rojas, candidato a intendente por Necochea; Juan D&#8217;Amico, titular del Renaper; Cecilia Arcando, diputada provincial de Santa Fe; y Carlos Figueroa, secretario de Organizaci\u00f3n de UATRE.<\/p>\n\n\n\n<p>\u00abPara m\u00ed es muy importante este encuentro con&nbsp;Ram\u00f3n Ayala, con las 62 Organizaciones Peronistas y con Uatre&nbsp;que acompa\u00f1an a la f\u00f3rmula de Juntos por el Cambio\u00bb, destac\u00f3 el senador nacional. Adem\u00e1s, destac\u00f3 que \u00abmuchas partes del movimiento obrero est\u00e1n demostrando su apoyo en las \u00faltimas semanas\u00bb&nbsp;a la f\u00f3rmula oficialista.&nbsp;<\/p>\n\n\n\n<p>Pichetto mencion\u00f3 la necesidad de conformar un \u00abacuerdo econ\u00f3mico y social\u00bb. El senador rionegrino&nbsp;puso como ejemplo los convenios firmados por el Gobierno, las empresas y los sindicatos del petr\u00f3leo&nbsp;en el yacimiento de Vaca Muerta.<\/p>\n\n\n\n<p>\u00abLo fundamental ser\u00e1 hacer un acuerdo econ\u00f3mico y social entre todos los sectores: el mundo del trabajo, el empresariado y el Estado nacional como \u00e1rbitro para lograr una propuesta de crecimiento para toda la Argentina\u00bb, asegur\u00f3 Pichetto.<\/p>\n\n\n\n<p>El gremio de los trabajadores rurales fue uno de los primeros en respaldar a Mauricio Macri al llegar a la Casa Rosada en 2015. A su vez, el titular del sindicato rural, Ram\u00f3n Ayala, calific\u00f3 como \u00abun gran honor\u00bb y \u00abuna gran alegr\u00eda recibir al senador Pichetto en la casa de los trabajadores rurales\u00bb.<\/p>\n\n\n\n<p>\u00abVamos a acompa\u00f1ar este proceso con muchas ganas y cada vez con m\u00e1s fuerza\u00bb, prometi\u00f3 Ayala.\u00a0<\/p>\n\n\n\n<p>Fuente: San Pedro Informa<\/p>\n","protected":false},"excerpt":{"rendered":"<p>La reuni\u00f3n se desarroll\u00f3 en la sede del sindicato y adem\u00e1s del Intendente sampedrino tambi\u00e9n intervinieron las principales autoridades de la Uatre.&nbsp; El candidato a vicepresidente por el frente Juntos por el Cambio, Miguel Pichetto, particip\u00f3 este lunes de un encuentro con las autoridades de la Uni\u00f3n Argentina de Trabajadores Rurales y Estibadores. De la [&hellip;]<\/p>\n","protected":false},"author":4,"featured_media":56695,"comment_status":"open","ping_status":"closed","sticky":false,"template":"","format":"standard","meta":{"om_disable_all_campaigns":false,"_jetpack_memberships_contains_paid_content":false,"footnotes":""},"categories":[2,102],"tags":[],"class_list":["post-56693","post","type-post","status-publish","format-standard","has-post-thumbnail","hentry","category-locales","category-politica-locales"],"aioseo_notices":[],"gutentor_comment":0,"jetpack_featured_media_url":"https:\/\/eldiariodesanpedro.com.ar\/sitio\/wp-content\/uploads\/2019\/07\/000078560.jpeg","jetpack_shortlink":"https:\/\/wp.me\/p6RhLt-eKp","jetpack_sharing_enabled":true,"_links":{"self":[{"href":"https:\/\/eldiariodesanpedro.com.ar\/sitio\/wp-json\/wp\/v2\/posts\/56693","targetHints":{"allow":["GET"]}}],"collection":[{"href":"https:\/\/eldiariodesanpedro.com.ar\/sitio\/wp-json\/wp\/v2\/posts"}],"about":[{"href":"https:\/\/eldiariodesanpedro.com.ar\/sitio\/wp-json\/wp\/v2\/types\/post"}],"author":[{"embeddable":true,"href":"https:\/\/eldiariodesanpedro.com.ar\/sitio\/wp-json\/wp\/v2\/users\/4"}],"replies":[{"embeddable":true,"href":"https:\/\/eldiariodesanpedro.com.ar\/sitio\/wp-json\/wp\/v2\/comments?post=56693"}],"version-history":[{"count":1,"href":"https:\/\/eldiariodesanpedro.com.ar\/sitio\/wp-json\/wp\/v2\/posts\/56693\/revisions"}],"predecessor-version":[{"id":56696,"href":"https:\/\/eldiariodesanpedro.com.ar\/sitio\/wp-json\/wp\/v2\/posts\/56693\/revisions\/56696"}],"wp:featuredmedia":[{"embeddable":true,"href":"https:\/\/eldiariodesanpedro.com.ar\/sitio\/wp-json\/wp\/v2\/media\/56695"}],"wp:attachment":[{"href":"https:\/\/eldiariodesanpedro.com.ar\/sitio\/wp-json\/wp\/v2\/media?parent=56693"}],"wp:term":[{"taxonomy":"category","embeddable":true,"href":"https:\/\/eldiariodesanpedro.com.ar\/sitio\/wp-json\/wp\/v2\/categories?post=56693"},{"taxonomy":"post_tag","embeddable":true,"href":"https:\/\/eldiariodesanpedro.com.ar\/sitio\/wp-json\/wp\/v2\/tags?post=56693"}],"curies":[{"name":"wp","href":"https:\/\/api.w.org\/{rel}","templated":true}]}}