{"id":56686,"date":"2019-07-23T10:38:49","date_gmt":"2019-07-23T13:38:49","guid":{"rendered":"https:\/\/eldiariodesanpedro.com.ar\/sitio\/?p=56686"},"modified":"2019-07-23T10:38:53","modified_gmt":"2019-07-23T13:38:53","slug":"un-aprehendido-por-paradero-activo-5","status":"publish","type":"post","link":"https:\/\/eldiariodesanpedro.com.ar\/sitio\/un-aprehendido-por-paradero-activo-5\/","title":{"rendered":"Un aprehendido por paradero activo"},"content":{"rendered":"<!-- VideographyWP Plugin Message: Automatic video embedding prevented by plugin options. -->\n\n<p>Este lunes en horas de la tarde un m\u00f3vil de la polic\u00eda de nuestra localidad se hace presente en la intersecci\u00f3n de las calles Ituzaing\u00f3 y Almirante Brown, donde se mantuvo demorado a un hombre de 33 a\u00f1os quien registra un pedido de captura activa desde el a\u00f1o 2008 por una causa de abigeato agravado a requerimiento Juzgado Garant\u00edas de San Nicol\u00e1s, por lo que se realizaron los recaudos legales pertinentes\u00a0 y su posterior libertad.<\/p>\n","protected":false},"excerpt":{"rendered":"<p>Este lunes en horas de la tarde un m\u00f3vil de la polic\u00eda de nuestra localidad se hace presente en la intersecci\u00f3n de las calles Ituzaing\u00f3 y Almirante Brown, donde se mantuvo demorado a un hombre de 33 a\u00f1os quien registra un pedido de captura activa desde el a\u00f1o 2008 por una causa de abigeato agravado [&hellip;]<\/p>\n","protected":false},"author":4,"featured_media":56535,"comment_status":"open","ping_status":"closed","sticky":false,"template":"","format":"standard","meta":{"om_disable_all_campaigns":false,"_jetpack_memberships_contains_paid_content":false,"footnotes":""},"categories":[2,103],"tags":[],"class_list":["post-56686","post","type-post","status-publish","format-standard","has-post-thumbnail","hentry","category-locales","category-policiales-locales"],"aioseo_notices":[],"gutentor_comment":0,"jetpack_featured_media_url":"https:\/\/eldiariodesanpedro.com.ar\/sitio\/wp-content\/uploads\/2019\/07\/aprehendido.jpg","jetpack_shortlink":"https:\/\/wp.me\/p6RhLt-eKi","jetpack_sharing_enabled":true,"_links":{"self":[{"href":"https:\/\/eldiariodesanpedro.com.ar\/sitio\/wp-json\/wp\/v2\/posts\/56686","targetHints":{"allow":["GET"]}}],"collection":[{"href":"https:\/\/eldiariodesanpedro.com.ar\/sitio\/wp-json\/wp\/v2\/posts"}],"about":[{"href":"https:\/\/eldiariodesanpedro.com.ar\/sitio\/wp-json\/wp\/v2\/types\/post"}],"author":[{"embeddable":true,"href":"https:\/\/eldiariodesanpedro.com.ar\/sitio\/wp-json\/wp\/v2\/users\/4"}],"replies":[{"embeddable":true,"href":"https:\/\/eldiariodesanpedro.com.ar\/sitio\/wp-json\/wp\/v2\/comments?post=56686"}],"version-history":[{"count":1,"href":"https:\/\/eldiariodesanpedro.com.ar\/sitio\/wp-json\/wp\/v2\/posts\/56686\/revisions"}],"predecessor-version":[{"id":56687,"href":"https:\/\/eldiariodesanpedro.com.ar\/sitio\/wp-json\/wp\/v2\/posts\/56686\/revisions\/56687"}],"wp:featuredmedia":[{"embeddable":true,"href":"https:\/\/eldiariodesanpedro.com.ar\/sitio\/wp-json\/wp\/v2\/media\/56535"}],"wp:attachment":[{"href":"https:\/\/eldiariodesanpedro.com.ar\/sitio\/wp-json\/wp\/v2\/media?parent=56686"}],"wp:term":[{"taxonomy":"category","embeddable":true,"href":"https:\/\/eldiariodesanpedro.com.ar\/sitio\/wp-json\/wp\/v2\/categories?post=56686"},{"taxonomy":"post_tag","embeddable":true,"href":"https:\/\/eldiariodesanpedro.com.ar\/sitio\/wp-json\/wp\/v2\/tags?post=56686"}],"curies":[{"name":"wp","href":"https:\/\/api.w.org\/{rel}","templated":true}]}}