{"id":56680,"date":"2019-07-23T10:29:36","date_gmt":"2019-07-23T13:29:36","guid":{"rendered":"https:\/\/eldiariodesanpedro.com.ar\/sitio\/?p=56680"},"modified":"2019-07-23T10:29:40","modified_gmt":"2019-07-23T13:29:40","slug":"delincuentes-intentaron-ingresar-a-un-domicilio","status":"publish","type":"post","link":"https:\/\/eldiariodesanpedro.com.ar\/sitio\/delincuentes-intentaron-ingresar-a-un-domicilio\/","title":{"rendered":"Delincuentes intentaron ingresar a un domicilio"},"content":{"rendered":"<!-- VideographyWP Plugin Message: Automatic video embedding prevented by plugin options. -->\n\n<p>Este lunes recibi\u00f3 la denuncia en la comisar\u00eda local de San Pedro de una mujer de 35 a\u00f1os de edad, que el mismo d\u00eda alrededor de las 10:00 hs constata que autores ignorados hab\u00edan da\u00f1ado intencionalmente el port\u00f3n de garaje de su vivienda ubicada en calle Javier Rivero 600 seg\u00fan pudo constatar no hubo faltantes. <\/p>\n","protected":false},"excerpt":{"rendered":"<p>Este lunes recibi\u00f3 la denuncia en la comisar\u00eda local de San Pedro de una mujer de 35 a\u00f1os de edad, que el mismo d\u00eda alrededor de las 10:00 hs constata que autores ignorados hab\u00edan da\u00f1ado intencionalmente el port\u00f3n de garaje de su vivienda ubicada en calle Javier Rivero 600 seg\u00fan pudo constatar no hubo faltantes.<\/p>\n","protected":false},"author":4,"featured_media":56681,"comment_status":"open","ping_status":"closed","sticky":false,"template":"","format":"standard","meta":{"om_disable_all_campaigns":false,"_jetpack_memberships_contains_paid_content":false,"footnotes":""},"categories":[2,103],"tags":[],"class_list":["post-56680","post","type-post","status-publish","format-standard","has-post-thumbnail","hentry","category-locales","category-policiales-locales"],"aioseo_notices":[],"gutentor_comment":0,"jetpack_featured_media_url":"https:\/\/eldiariodesanpedro.com.ar\/sitio\/wp-content\/uploads\/2019\/07\/comisaria_san_pedro-_foto_la_opinion.jpg","jetpack_shortlink":"https:\/\/wp.me\/p6RhLt-eKc","jetpack_sharing_enabled":true,"_links":{"self":[{"href":"https:\/\/eldiariodesanpedro.com.ar\/sitio\/wp-json\/wp\/v2\/posts\/56680","targetHints":{"allow":["GET"]}}],"collection":[{"href":"https:\/\/eldiariodesanpedro.com.ar\/sitio\/wp-json\/wp\/v2\/posts"}],"about":[{"href":"https:\/\/eldiariodesanpedro.com.ar\/sitio\/wp-json\/wp\/v2\/types\/post"}],"author":[{"embeddable":true,"href":"https:\/\/eldiariodesanpedro.com.ar\/sitio\/wp-json\/wp\/v2\/users\/4"}],"replies":[{"embeddable":true,"href":"https:\/\/eldiariodesanpedro.com.ar\/sitio\/wp-json\/wp\/v2\/comments?post=56680"}],"version-history":[{"count":1,"href":"https:\/\/eldiariodesanpedro.com.ar\/sitio\/wp-json\/wp\/v2\/posts\/56680\/revisions"}],"predecessor-version":[{"id":56682,"href":"https:\/\/eldiariodesanpedro.com.ar\/sitio\/wp-json\/wp\/v2\/posts\/56680\/revisions\/56682"}],"wp:featuredmedia":[{"embeddable":true,"href":"https:\/\/eldiariodesanpedro.com.ar\/sitio\/wp-json\/wp\/v2\/media\/56681"}],"wp:attachment":[{"href":"https:\/\/eldiariodesanpedro.com.ar\/sitio\/wp-json\/wp\/v2\/media?parent=56680"}],"wp:term":[{"taxonomy":"category","embeddable":true,"href":"https:\/\/eldiariodesanpedro.com.ar\/sitio\/wp-json\/wp\/v2\/categories?post=56680"},{"taxonomy":"post_tag","embeddable":true,"href":"https:\/\/eldiariodesanpedro.com.ar\/sitio\/wp-json\/wp\/v2\/tags?post=56680"}],"curies":[{"name":"wp","href":"https:\/\/api.w.org\/{rel}","templated":true}]}}