{"id":5668,"date":"2016-06-22T20:45:48","date_gmt":"2016-06-22T23:45:48","guid":{"rendered":"https:\/\/eldiariodesanpedro.com.ar\/sitio\/?p=5668"},"modified":"2016-06-22T20:45:48","modified_gmt":"2016-06-22T23:45:48","slug":"el-municipio-y-la-coopser-analizan-utilizar-el-fondo-de-obras-publicas-para-hacer-pavimento","status":"publish","type":"post","link":"https:\/\/eldiariodesanpedro.com.ar\/sitio\/el-municipio-y-la-coopser-analizan-utilizar-el-fondo-de-obras-publicas-para-hacer-pavimento\/","title":{"rendered":"El Municipio y la Coopser analizan utilizar el Fondo de Obras P\u00fablicas para hacer pavimento"},"content":{"rendered":"<p><!-- VideographyWP Plugin Message: Automatic video embedding prevented by plugin options. --><br \/>\nEl intendente municipal Cecilio Salazar recibi\u00f3 al presidente del Consejo de Administraci\u00f3n de Coopser, Iv\u00e1n Groppo, en una reuni\u00f3n que tuvo como objetivo comenzar a trabajar en conjunto. Se habl\u00f3 sobre la posibilidad de comenzar a hacer obras con el dinero del Fondo de Obras P\u00fablica, y adem\u00e1s se trataron los temas de alumbrado p\u00fablico y del nuevo cuadro tarifario, entre otras cosas.<br \/>\nLa idea es comenzar a hacer obras de pavimento. Seg\u00fan trascendi\u00f3, se plante\u00f3 la posibilidad \u201cde terminar la Av. 3 de Febrero pasando la rotonda de acceso a la Crucero General Belgrano\u201d, explic\u00f3 Groppo a trav\u00e9s de la Radio 92.3. Asimismo, tambi\u00e9n finalizar la calle Caseros: \u201cPavimentarla hasta el final, hasta Crucero General Belgrano y la de al lado (Frers) para poder tener un nuevo ingreso a la ciudad\u201d. Existen, al momento, entre 6 y 7 millones de pesos que podr\u00edan ser utilizados.<br \/>\nEn tanto, Groppo tambi\u00e9n asegur\u00f3 que se habl\u00f3 del \u201cproyecto m\u00e1s ambicioso que tiene la cooperativa\u201d: \u201cLa construcci\u00f3n de la tercera subestaci\u00f3n transformadora\u201d.<br \/>\n\u201cEl intendente se ofreci\u00f3 de manera voluntaria a acompa\u00f1arnos a donde haya que ir para que ese tr\u00e1mite se dinamice y podamos empezar a construirla\u201d, asever\u00f3. \u201cEst\u00e1 siguiendo todo su cauce normal\u201d, aclar\u00f3 Groppo, pero se pretende que el intendente con sus contactos permita que se \u201cagilice el tr\u00e1mite\u201d.<br \/>\nSe trata de una obra de \u201c80 millones de pesos\u201d que se realizar\u00e1 \u201ca trav\u00e9s de un fideicomiso. Se lo van a prestar y lo va a ir devolviendo\u201d, asever\u00f3 el presidente del Consejo de Administraci\u00f3n.<\/p>\n","protected":false},"excerpt":{"rendered":"<p>El intendente municipal Cecilio Salazar recibi\u00f3 al presidente del Consejo de Administraci\u00f3n de Coopser, Iv\u00e1n Groppo, en una reuni\u00f3n que tuvo como objetivo comenzar a trabajar en conjunto. Se habl\u00f3 sobre la posibilidad de comenzar a hacer obras con el dinero del Fondo de Obras P\u00fablica, y adem\u00e1s se trataron los temas de alumbrado p\u00fablico [&hellip;]<\/p>\n","protected":false},"author":4,"featured_media":5669,"comment_status":"open","ping_status":"closed","sticky":false,"template":"","format":"standard","meta":{"om_disable_all_campaigns":false,"_jetpack_memberships_contains_paid_content":false,"footnotes":""},"categories":[50,101,2],"tags":[],"class_list":["post-5668","post","type-post","status-publish","format-standard","has-post-thumbnail","hentry","category-destacadas","category-interes-general-locales","category-locales"],"aioseo_notices":[],"gutentor_comment":0,"jetpack_featured_media_url":"https:\/\/eldiariodesanpedro.com.ar\/sitio\/wp-content\/uploads\/2016\/06\/PAGINA-5-01-1.jpg","jetpack_shortlink":"https:\/\/wp.me\/p6RhLt-1tq","jetpack_sharing_enabled":true,"_links":{"self":[{"href":"https:\/\/eldiariodesanpedro.com.ar\/sitio\/wp-json\/wp\/v2\/posts\/5668","targetHints":{"allow":["GET"]}}],"collection":[{"href":"https:\/\/eldiariodesanpedro.com.ar\/sitio\/wp-json\/wp\/v2\/posts"}],"about":[{"href":"https:\/\/eldiariodesanpedro.com.ar\/sitio\/wp-json\/wp\/v2\/types\/post"}],"author":[{"embeddable":true,"href":"https:\/\/eldiariodesanpedro.com.ar\/sitio\/wp-json\/wp\/v2\/users\/4"}],"replies":[{"embeddable":true,"href":"https:\/\/eldiariodesanpedro.com.ar\/sitio\/wp-json\/wp\/v2\/comments?post=5668"}],"version-history":[{"count":1,"href":"https:\/\/eldiariodesanpedro.com.ar\/sitio\/wp-json\/wp\/v2\/posts\/5668\/revisions"}],"predecessor-version":[{"id":5670,"href":"https:\/\/eldiariodesanpedro.com.ar\/sitio\/wp-json\/wp\/v2\/posts\/5668\/revisions\/5670"}],"wp:featuredmedia":[{"embeddable":true,"href":"https:\/\/eldiariodesanpedro.com.ar\/sitio\/wp-json\/wp\/v2\/media\/5669"}],"wp:attachment":[{"href":"https:\/\/eldiariodesanpedro.com.ar\/sitio\/wp-json\/wp\/v2\/media?parent=5668"}],"wp:term":[{"taxonomy":"category","embeddable":true,"href":"https:\/\/eldiariodesanpedro.com.ar\/sitio\/wp-json\/wp\/v2\/categories?post=5668"},{"taxonomy":"post_tag","embeddable":true,"href":"https:\/\/eldiariodesanpedro.com.ar\/sitio\/wp-json\/wp\/v2\/tags?post=5668"}],"curies":[{"name":"wp","href":"https:\/\/api.w.org\/{rel}","templated":true}]}}