{"id":56678,"date":"2019-07-22T19:30:00","date_gmt":"2019-07-22T22:30:00","guid":{"rendered":"https:\/\/eldiariodesanpedro.com.ar\/sitio\/?p=56678"},"modified":"2019-07-22T19:30:04","modified_gmt":"2019-07-22T22:30:04","slug":"un-hombre-herido-tras-caer-de-un-techo-en-calle-rivadavia","status":"publish","type":"post","link":"https:\/\/eldiariodesanpedro.com.ar\/sitio\/un-hombre-herido-tras-caer-de-un-techo-en-calle-rivadavia\/","title":{"rendered":"Un hombre herido tras caer de un techo en calle Rivadavia"},"content":{"rendered":"<!-- VideographyWP Plugin Message: Automatic video embedding prevented by plugin options. -->\n\n<p>Esta tarde de lunes se produjo un incidente en un domicilio ubicado en calle Rivadavia al 1400, cuando un hombre que trabajaba en el techo de la  casa, cay\u00f3 provoc\u00e1ndose un fuerte golpe. <\/p>\n\n\n\n<p>Ocurri\u00f3 alrededor de las 17 hs cuando la v\u00edctima se encontraba trabajando sobre el techo colocando un tanque de agua <\/p>\n\n\n\n<p>En el lugar se hizo presente una dotaci\u00f3n de bomberos voluntarios para asistir a la personas herida quien fue trasladado por el SAME donde ser\u00e1n evaluadas la gravedad de las lesiones.<\/p>\n\n\n\n<p>Segun se pudo constatar con algunos testigos el hombre se encontraba en un estado alterado por la situaci\u00f3n vivida productos de los golpes sufridos.<\/p>\n\n\n\n<p>Despu\u00e9s de unos minutos se hace presente nuevamente la ambulancia del nosocomio local para la atenci\u00f3n del propietario, un hombre de la tercera edad, que sufrio una descompensacion por lo ocurrido, siendo trasladado.<\/p>\n\n\n\n<figure class=\"wp-block-image\"><img decoding=\"async\" width=\"1024\" height=\"498\" data-attachment-id=\"56673\" data-permalink=\"https:\/\/eldiariodesanpedro.com.ar\/sitio\/20190722_180541\/\" data-orig-file=\"https:\/\/eldiariodesanpedro.com.ar\/sitio\/wp-content\/uploads\/2019\/07\/20190722_180541-e1563834522523.jpg\" data-orig-size=\"1920,933\" data-comments-opened=\"1\" data-image-meta=\"{&quot;aperture&quot;:&quot;1.7&quot;,&quot;credit&quot;:&quot;&quot;,&quot;camera&quot;:&quot;SM-N950F&quot;,&quot;caption&quot;:&quot;&quot;,&quot;created_timestamp&quot;:&quot;1563818740&quot;,&quot;copyright&quot;:&quot;&quot;,&quot;focal_length&quot;:&quot;4.3&quot;,&quot;iso&quot;:&quot;64&quot;,&quot;shutter_speed&quot;:&quot;0.01&quot;,&quot;title&quot;:&quot;&quot;,&quot;orientation&quot;:&quot;1&quot;}\" data-image-title=\"20190722_180541\" data-image-description=\"\" data-image-caption=\"\" data-large-file=\"https:\/\/eldiariodesanpedro.com.ar\/sitio\/wp-content\/uploads\/2019\/07\/20190722_180541-1024x498.jpg\" data-src=\"https:\/\/eldiariodesanpedro.com.ar\/sitio\/wp-content\/uploads\/2019\/07\/20190722_180541-1024x498.jpg\" alt=\"\" class=\"wp-image-56673 lazyload\" src=\"data:image\/svg+xml;base64,PHN2ZyB3aWR0aD0iMSIgaGVpZ2h0PSIxIiB4bWxucz0iaHR0cDovL3d3dy53My5vcmcvMjAwMC9zdmciPjwvc3ZnPg==\" style=\"--smush-placeholder-width: 1024px; --smush-placeholder-aspect-ratio: 1024\/498;\" \/><figcaption><br><\/figcaption><\/figure>\n\n\n\n<figure class=\"wp-block-image\"><img decoding=\"async\" width=\"1024\" height=\"498\" data-attachment-id=\"56669\" data-permalink=\"https:\/\/eldiariodesanpedro.com.ar\/sitio\/20190722_1805570\/\" data-orig-file=\"https:\/\/eldiariodesanpedro.com.ar\/sitio\/wp-content\/uploads\/2019\/07\/20190722_1805570-e1563834567517.jpg\" data-orig-size=\"1920,933\" data-comments-opened=\"1\" data-image-meta=\"{&quot;aperture&quot;:&quot;1.7&quot;,&quot;credit&quot;:&quot;&quot;,&quot;camera&quot;:&quot;SM-N950F&quot;,&quot;caption&quot;:&quot;&quot;,&quot;created_timestamp&quot;:&quot;1563818757&quot;,&quot;copyright&quot;:&quot;&quot;,&quot;focal_length&quot;:&quot;4.3&quot;,&quot;iso&quot;:&quot;80&quot;,&quot;shutter_speed&quot;:&quot;0.02&quot;,&quot;title&quot;:&quot;&quot;,&quot;orientation&quot;:&quot;1&quot;}\" data-image-title=\"20190722_180557(0)\" data-image-description=\"\" data-image-caption=\"\" data-large-file=\"https:\/\/eldiariodesanpedro.com.ar\/sitio\/wp-content\/uploads\/2019\/07\/20190722_1805570-1024x498.jpg\" data-src=\"https:\/\/eldiariodesanpedro.com.ar\/sitio\/wp-content\/uploads\/2019\/07\/20190722_1805570-1024x498.jpg\" alt=\"\" class=\"wp-image-56669 lazyload\" src=\"data:image\/svg+xml;base64,PHN2ZyB3aWR0aD0iMSIgaGVpZ2h0PSIxIiB4bWxucz0iaHR0cDovL3d3dy53My5vcmcvMjAwMC9zdmciPjwvc3ZnPg==\" style=\"--smush-placeholder-width: 1024px; --smush-placeholder-aspect-ratio: 1024\/498;\" \/><\/figure>\n","protected":false},"excerpt":{"rendered":"<p>Esta tarde de lunes se produjo un incidente en un domicilio ubicado en calle Rivadavia al 1400, cuando un hombre que trabajaba en el techo de la casa, cay\u00f3 provoc\u00e1ndose un fuerte golpe. Ocurri\u00f3 alrededor de las 17 hs cuando la v\u00edctima se encontraba trabajando sobre el techo colocando un tanque de agua En el [&hellip;]<\/p>\n","protected":false},"author":4,"featured_media":56671,"comment_status":"open","ping_status":"closed","sticky":false,"template":"","format":"standard","meta":{"om_disable_all_campaigns":false,"_jetpack_memberships_contains_paid_content":false,"footnotes":""},"categories":[2,103],"tags":[],"class_list":["post-56678","post","type-post","status-publish","format-standard","has-post-thumbnail","hentry","category-locales","category-policiales-locales"],"aioseo_notices":[],"gutentor_comment":0,"jetpack_featured_media_url":"https:\/\/eldiariodesanpedro.com.ar\/sitio\/wp-content\/uploads\/2019\/07\/20190722_180555-e1563834492503.jpg","jetpack_shortlink":"https:\/\/wp.me\/p6RhLt-eKa","jetpack_sharing_enabled":true,"_links":{"self":[{"href":"https:\/\/eldiariodesanpedro.com.ar\/sitio\/wp-json\/wp\/v2\/posts\/56678","targetHints":{"allow":["GET"]}}],"collection":[{"href":"https:\/\/eldiariodesanpedro.com.ar\/sitio\/wp-json\/wp\/v2\/posts"}],"about":[{"href":"https:\/\/eldiariodesanpedro.com.ar\/sitio\/wp-json\/wp\/v2\/types\/post"}],"author":[{"embeddable":true,"href":"https:\/\/eldiariodesanpedro.com.ar\/sitio\/wp-json\/wp\/v2\/users\/4"}],"replies":[{"embeddable":true,"href":"https:\/\/eldiariodesanpedro.com.ar\/sitio\/wp-json\/wp\/v2\/comments?post=56678"}],"version-history":[{"count":1,"href":"https:\/\/eldiariodesanpedro.com.ar\/sitio\/wp-json\/wp\/v2\/posts\/56678\/revisions"}],"predecessor-version":[{"id":56679,"href":"https:\/\/eldiariodesanpedro.com.ar\/sitio\/wp-json\/wp\/v2\/posts\/56678\/revisions\/56679"}],"wp:featuredmedia":[{"embeddable":true,"href":"https:\/\/eldiariodesanpedro.com.ar\/sitio\/wp-json\/wp\/v2\/media\/56671"}],"wp:attachment":[{"href":"https:\/\/eldiariodesanpedro.com.ar\/sitio\/wp-json\/wp\/v2\/media?parent=56678"}],"wp:term":[{"taxonomy":"category","embeddable":true,"href":"https:\/\/eldiariodesanpedro.com.ar\/sitio\/wp-json\/wp\/v2\/categories?post=56678"},{"taxonomy":"post_tag","embeddable":true,"href":"https:\/\/eldiariodesanpedro.com.ar\/sitio\/wp-json\/wp\/v2\/tags?post=56678"}],"curies":[{"name":"wp","href":"https:\/\/api.w.org\/{rel}","templated":true}]}}