{"id":56657,"date":"2019-07-22T17:39:09","date_gmt":"2019-07-22T20:39:09","guid":{"rendered":"https:\/\/eldiariodesanpedro.com.ar\/sitio\/?p=56657"},"modified":"2019-07-22T17:39:14","modified_gmt":"2019-07-22T20:39:14","slug":"por-tener-la-remera-de-boca-lo-golpearon-y-le-robaron-la-moto","status":"publish","type":"post","link":"https:\/\/eldiariodesanpedro.com.ar\/sitio\/por-tener-la-remera-de-boca-lo-golpearon-y-le-robaron-la-moto\/","title":{"rendered":"Por tener la remera de Boca lo golpearon y le robaron la moto"},"content":{"rendered":"<!-- VideographyWP Plugin Message: Automatic video embedding prevented by plugin options. -->\n\n<p>El hecho sucedi\u00f3 este domingo por la tarde, un motociclista se baj\u00f3 a comprar en un kiosco y al salir otros sujetos lo interceptaron invit\u00e1ndolo a pelear,  d\u00e1ndose luego a la fuga en la motocicleta de la v\u00edctima.<\/p>\n\n\n\n<p>\u00abCuando sali\u00f3 del kiosco le empezaron a decir cosas de porque estaba vestido as\u00ed con la ropa de Boca y a insultarlo, hasta que se le vinieron dos de ellos que eran como cinco y empezaron a golpearlo, mi cu\u00f1ado intent\u00f3 defenderse hasta que logran irse robandole la moto\u00bb, contaban familiares a nuestra redacci\u00f3n.<\/p>\n\n\n\n<p>\u00abMucha Bronca y tristeza de no poder ir a comprar a un kiosco y que te golpeen de tal manera para quitarte algo que con tanto esfuerzo y sacrificio compramos, cansados de estas lacras hasta cuando, no basta con quitarte la moto que ahora tambi\u00e9n te golpean brutalmente, cada vez m\u00e1s solos estamos en San pedro\u00bb.<\/p>\n\n\n\n<figure class=\"wp-block-image\"><img decoding=\"async\" width=\"539\" height=\"960\" data-attachment-id=\"56658\" data-permalink=\"https:\/\/eldiariodesanpedro.com.ar\/sitio\/por-tener-la-remera-de-boca-lo-golpearon-y-le-robaron-la-moto\/67090571_1548823378594175_5687778331999600640_n\/\" data-orig-file=\"https:\/\/eldiariodesanpedro.com.ar\/sitio\/wp-content\/uploads\/2019\/07\/67090571_1548823378594175_5687778331999600640_n.jpg\" data-orig-size=\"539,960\" data-comments-opened=\"1\" data-image-meta=\"{&quot;aperture&quot;:&quot;0&quot;,&quot;credit&quot;:&quot;&quot;,&quot;camera&quot;:&quot;&quot;,&quot;caption&quot;:&quot;&quot;,&quot;created_timestamp&quot;:&quot;0&quot;,&quot;copyright&quot;:&quot;&quot;,&quot;focal_length&quot;:&quot;0&quot;,&quot;iso&quot;:&quot;0&quot;,&quot;shutter_speed&quot;:&quot;0&quot;,&quot;title&quot;:&quot;&quot;,&quot;orientation&quot;:&quot;0&quot;}\" data-image-title=\"67090571_1548823378594175_5687778331999600640_n\" data-image-description=\"\" data-image-caption=\"\" data-large-file=\"https:\/\/eldiariodesanpedro.com.ar\/sitio\/wp-content\/uploads\/2019\/07\/67090571_1548823378594175_5687778331999600640_n.jpg\" data-src=\"https:\/\/eldiariodesanpedro.com.ar\/sitio\/wp-content\/uploads\/2019\/07\/67090571_1548823378594175_5687778331999600640_n.jpg\" alt=\"\" class=\"wp-image-56658 lazyload\" data-srcset=\"https:\/\/eldiariodesanpedro.com.ar\/sitio\/wp-content\/uploads\/2019\/07\/67090571_1548823378594175_5687778331999600640_n.jpg 539w, https:\/\/eldiariodesanpedro.com.ar\/sitio\/wp-content\/uploads\/2019\/07\/67090571_1548823378594175_5687778331999600640_n-168x300.jpg 168w\" data-sizes=\"(max-width: 539px) 100vw, 539px\" src=\"data:image\/svg+xml;base64,PHN2ZyB3aWR0aD0iMSIgaGVpZ2h0PSIxIiB4bWxucz0iaHR0cDovL3d3dy53My5vcmcvMjAwMC9zdmciPjwvc3ZnPg==\" style=\"--smush-placeholder-width: 539px; --smush-placeholder-aspect-ratio: 539\/960;\" \/><\/figure>\n\n\n\n<p><br><br><\/p>\n","protected":false},"excerpt":{"rendered":"<p>El hecho sucedi\u00f3 este domingo por la tarde, un motociclista se baj\u00f3 a comprar en un kiosco y al salir otros sujetos lo interceptaron invit\u00e1ndolo a pelear, d\u00e1ndose luego a la fuga en la motocicleta de la v\u00edctima. \u00abCuando sali\u00f3 del kiosco le empezaron a decir cosas de porque estaba vestido as\u00ed con la ropa [&hellip;]<\/p>\n","protected":false},"author":4,"featured_media":56659,"comment_status":"open","ping_status":"closed","sticky":false,"template":"","format":"standard","meta":{"om_disable_all_campaigns":false,"_jetpack_memberships_contains_paid_content":false,"footnotes":""},"categories":[2,103],"tags":[],"class_list":["post-56657","post","type-post","status-publish","format-standard","has-post-thumbnail","hentry","category-locales","category-policiales-locales"],"aioseo_notices":[],"gutentor_comment":0,"jetpack_featured_media_url":"https:\/\/eldiariodesanpedro.com.ar\/sitio\/wp-content\/uploads\/2019\/07\/67090571_1548823378594175_5687778331999600640_n-1.jpg","jetpack_shortlink":"https:\/\/wp.me\/p6RhLt-eJP","jetpack_sharing_enabled":true,"_links":{"self":[{"href":"https:\/\/eldiariodesanpedro.com.ar\/sitio\/wp-json\/wp\/v2\/posts\/56657","targetHints":{"allow":["GET"]}}],"collection":[{"href":"https:\/\/eldiariodesanpedro.com.ar\/sitio\/wp-json\/wp\/v2\/posts"}],"about":[{"href":"https:\/\/eldiariodesanpedro.com.ar\/sitio\/wp-json\/wp\/v2\/types\/post"}],"author":[{"embeddable":true,"href":"https:\/\/eldiariodesanpedro.com.ar\/sitio\/wp-json\/wp\/v2\/users\/4"}],"replies":[{"embeddable":true,"href":"https:\/\/eldiariodesanpedro.com.ar\/sitio\/wp-json\/wp\/v2\/comments?post=56657"}],"version-history":[{"count":1,"href":"https:\/\/eldiariodesanpedro.com.ar\/sitio\/wp-json\/wp\/v2\/posts\/56657\/revisions"}],"predecessor-version":[{"id":56660,"href":"https:\/\/eldiariodesanpedro.com.ar\/sitio\/wp-json\/wp\/v2\/posts\/56657\/revisions\/56660"}],"wp:featuredmedia":[{"embeddable":true,"href":"https:\/\/eldiariodesanpedro.com.ar\/sitio\/wp-json\/wp\/v2\/media\/56659"}],"wp:attachment":[{"href":"https:\/\/eldiariodesanpedro.com.ar\/sitio\/wp-json\/wp\/v2\/media?parent=56657"}],"wp:term":[{"taxonomy":"category","embeddable":true,"href":"https:\/\/eldiariodesanpedro.com.ar\/sitio\/wp-json\/wp\/v2\/categories?post=56657"},{"taxonomy":"post_tag","embeddable":true,"href":"https:\/\/eldiariodesanpedro.com.ar\/sitio\/wp-json\/wp\/v2\/tags?post=56657"}],"curies":[{"name":"wp","href":"https:\/\/api.w.org\/{rel}","templated":true}]}}