{"id":5665,"date":"2016-06-22T20:44:20","date_gmt":"2016-06-22T23:44:20","guid":{"rendered":"https:\/\/eldiariodesanpedro.com.ar\/sitio\/?p=5665"},"modified":"2016-06-22T20:44:20","modified_gmt":"2016-06-22T23:44:20","slug":"100-alumnos-del-colegio-socorro-visitaron-la-reserva-paleontologica-campo-sposito","status":"publish","type":"post","link":"https:\/\/eldiariodesanpedro.com.ar\/sitio\/100-alumnos-del-colegio-socorro-visitaron-la-reserva-paleontologica-campo-sposito\/","title":{"rendered":"100 alumnos del colegio Socorro visitaron la Reserva Paleontol\u00f3gica Campo Sp\u00f3sito"},"content":{"rendered":"<p><!-- VideographyWP Plugin Message: Automatic video embedding prevented by plugin options. --><br \/>\nAlumnos de los tres cursos de 6\u00ba a\u00f1o del Instituto Nuestra Se\u00f1ora del Socorro visitaron el principal yacimiento de f\u00f3siles que posee nuestro partido, ubicado en el predio de Empresa Sp\u00f3sito, en Bajo del Tala, donde fueron recibidos y atendidos por Jos\u00e9 Luis Aguilar y Jos\u00e9 Ignacio Verd\u00f3n, integrantes del Museo Paleontol\u00f3gico Fray Manuel de Torres.<br \/>\nEn el lugar, los alumnos aprendieron la importancia cient\u00edfica de ese sitio y comprendieron que la gran concentraci\u00f3n de f\u00f3siles que posee el lugar se explica por la presencia de un antiguo r\u00edo que fluy\u00f3 por all\u00ed hace decenas de miles de a\u00f1os, conservando en el barro del fondo las partes duras de los animales que habitaron aquel ecosistema.<br \/>\nLos chicos conocieron las formas de las numerosas especies descubiertas en la reserva y caminaron junto a los integrantes del museo observando detalles de las diferentes capas sedimentarias que conforman el perfil de la zona. Adem\u00e1s, aprendieron a reconocer las pistas que llevan a descubrir piezas f\u00f3siles de importancia, reconociendo la diferencia entre roca y material paleontol\u00f3gico, diferenciando colores, formas y texturas.<br \/>\nEn el recorrido, se observaron lugares puntuales donde afloran fragmentos fosilizados que permiten ver las diferencias existentes entre los f\u00f3siles y el sedimento que los contiene.<br \/>\nLa visita finaliz\u00f3 con fotos grupales junto a los profesores y padres acompa\u00f1antes.<br \/>\nDesde el Museo Paleontol\u00f3gico se agradeci\u00f3 muy especialmente a los directivos del colegio, que solicitaron la visita interesados en que sus alumnos aprendan de manera directa temas vinculados con la evoluci\u00f3n y el patrimonio cultural de todos los sampedrinos.<\/p>\n","protected":false},"excerpt":{"rendered":"<p>Alumnos de los tres cursos de 6\u00ba a\u00f1o del Instituto Nuestra Se\u00f1ora del Socorro visitaron el principal yacimiento de f\u00f3siles que posee nuestro partido, ubicado en el predio de Empresa Sp\u00f3sito, en Bajo del Tala, donde fueron recibidos y atendidos por Jos\u00e9 Luis Aguilar y Jos\u00e9 Ignacio Verd\u00f3n, integrantes del Museo Paleontol\u00f3gico Fray Manuel de [&hellip;]<\/p>\n","protected":false},"author":4,"featured_media":5666,"comment_status":"open","ping_status":"closed","sticky":false,"template":"","format":"standard","meta":{"om_disable_all_campaigns":false,"_jetpack_memberships_contains_paid_content":false,"footnotes":""},"categories":[101,2],"tags":[],"class_list":["post-5665","post","type-post","status-publish","format-standard","has-post-thumbnail","hentry","category-interes-general-locales","category-locales"],"aioseo_notices":[],"gutentor_comment":0,"jetpack_featured_media_url":"https:\/\/eldiariodesanpedro.com.ar\/sitio\/wp-content\/uploads\/2016\/06\/PAGINA-4-14.jpg","jetpack_shortlink":"https:\/\/wp.me\/p6RhLt-1tn","jetpack_sharing_enabled":true,"_links":{"self":[{"href":"https:\/\/eldiariodesanpedro.com.ar\/sitio\/wp-json\/wp\/v2\/posts\/5665","targetHints":{"allow":["GET"]}}],"collection":[{"href":"https:\/\/eldiariodesanpedro.com.ar\/sitio\/wp-json\/wp\/v2\/posts"}],"about":[{"href":"https:\/\/eldiariodesanpedro.com.ar\/sitio\/wp-json\/wp\/v2\/types\/post"}],"author":[{"embeddable":true,"href":"https:\/\/eldiariodesanpedro.com.ar\/sitio\/wp-json\/wp\/v2\/users\/4"}],"replies":[{"embeddable":true,"href":"https:\/\/eldiariodesanpedro.com.ar\/sitio\/wp-json\/wp\/v2\/comments?post=5665"}],"version-history":[{"count":1,"href":"https:\/\/eldiariodesanpedro.com.ar\/sitio\/wp-json\/wp\/v2\/posts\/5665\/revisions"}],"predecessor-version":[{"id":5667,"href":"https:\/\/eldiariodesanpedro.com.ar\/sitio\/wp-json\/wp\/v2\/posts\/5665\/revisions\/5667"}],"wp:featuredmedia":[{"embeddable":true,"href":"https:\/\/eldiariodesanpedro.com.ar\/sitio\/wp-json\/wp\/v2\/media\/5666"}],"wp:attachment":[{"href":"https:\/\/eldiariodesanpedro.com.ar\/sitio\/wp-json\/wp\/v2\/media?parent=5665"}],"wp:term":[{"taxonomy":"category","embeddable":true,"href":"https:\/\/eldiariodesanpedro.com.ar\/sitio\/wp-json\/wp\/v2\/categories?post=5665"},{"taxonomy":"post_tag","embeddable":true,"href":"https:\/\/eldiariodesanpedro.com.ar\/sitio\/wp-json\/wp\/v2\/tags?post=5665"}],"curies":[{"name":"wp","href":"https:\/\/api.w.org\/{rel}","templated":true}]}}