{"id":56635,"date":"2019-07-22T16:56:56","date_gmt":"2019-07-22T19:56:56","guid":{"rendered":"https:\/\/eldiariodesanpedro.com.ar\/sitio\/?p=56635"},"modified":"2019-07-22T16:57:00","modified_gmt":"2019-07-22T19:57:00","slug":"arrecifes-la-joven-de-perez-millan-herida-en-el-accidente-fatal-sigue-en-estado-reservado","status":"publish","type":"post","link":"https:\/\/eldiariodesanpedro.com.ar\/sitio\/arrecifes-la-joven-de-perez-millan-herida-en-el-accidente-fatal-sigue-en-estado-reservado\/","title":{"rendered":"ARRECIFES | La joven de Perez Millan herida en el accidente fatal sigue en estado reservado"},"content":{"rendered":"<!-- VideographyWP Plugin Message: Automatic video embedding prevented by plugin options. -->\n\n<p>Seg\u00fan los \u00faltimos informes m\u00e9dicos de la ma\u00f1ana de hoy, Luciana Quiroga, la joven de 25 a\u00f1os pareja de Miguel Barreto (25), que falleci\u00f3 ayer en un accidente en ruta 51, se encuentra en estado reservado. <\/p>\n\n\n\n<p>La chica, oriunda de P\u00e9rez Mill\u00e1n, sufri\u00f3 la amputaci\u00f3n de su pierna derecha en el momento del choque contra un Ford Focus y tambi\u00e9n de parte de una mano, adem\u00e1s de otros m\u00faltiples golpes.<\/p>\n\n\n\n<p>El r\u00e1pido accionar de Bomberos Voluntarios y personal m\u00e9dico de Arrecifes permitieron salvarle la vida, ya que en unos momentos m\u00e1s podr\u00eda haberse desangrado.<\/p>\n\n\n\n<p>Luciana se encuentra internada en terapia intensiva del Hospital Municipal a\u00fan grave pero estabilizada hemodin\u00e1micamente, por lo que se mantiene su condici\u00f3n de estado reservado.<\/p>\n\n\n\n<p> Francisco Subrini, el oficial de polic\u00eda oriundo de Todd que conduc\u00eda el Ford Focus, est\u00e1 fuera de peligro, con golpes menores y algunos vidrios del parabrisas en sus ojos, seg\u00fan coment\u00f3 el jefe del Cuerpo de Bomberos Voluntarios de Arrecifes, Fernando Ciongo, en Radio Uno (107.1). <\/p>\n\n\n\n<p>Fuente: Arrecifes Noticias<\/p>\n","protected":false},"excerpt":{"rendered":"<p>Seg\u00fan los \u00faltimos informes m\u00e9dicos de la ma\u00f1ana de hoy, Luciana Quiroga, la joven de 25 a\u00f1os pareja de Miguel Barreto (25), que falleci\u00f3 ayer en un accidente en ruta 51, se encuentra en estado reservado. La chica, oriunda de P\u00e9rez Mill\u00e1n, sufri\u00f3 la amputaci\u00f3n de su pierna derecha en el momento del choque contra [&hellip;]<\/p>\n","protected":false},"author":4,"featured_media":56636,"comment_status":"open","ping_status":"closed","sticky":false,"template":"","format":"standard","meta":{"om_disable_all_campaigns":false,"_jetpack_memberships_contains_paid_content":false,"footnotes":""},"categories":[621],"tags":[],"class_list":["post-56635","post","type-post","status-publish","format-standard","has-post-thumbnail","hentry","category-regionales"],"aioseo_notices":[],"gutentor_comment":0,"jetpack_featured_media_url":"https:\/\/eldiariodesanpedro.com.ar\/sitio\/wp-content\/uploads\/2019\/07\/Focus-Subrini.jpg","jetpack_shortlink":"https:\/\/wp.me\/p6RhLt-eJt","jetpack_sharing_enabled":true,"_links":{"self":[{"href":"https:\/\/eldiariodesanpedro.com.ar\/sitio\/wp-json\/wp\/v2\/posts\/56635","targetHints":{"allow":["GET"]}}],"collection":[{"href":"https:\/\/eldiariodesanpedro.com.ar\/sitio\/wp-json\/wp\/v2\/posts"}],"about":[{"href":"https:\/\/eldiariodesanpedro.com.ar\/sitio\/wp-json\/wp\/v2\/types\/post"}],"author":[{"embeddable":true,"href":"https:\/\/eldiariodesanpedro.com.ar\/sitio\/wp-json\/wp\/v2\/users\/4"}],"replies":[{"embeddable":true,"href":"https:\/\/eldiariodesanpedro.com.ar\/sitio\/wp-json\/wp\/v2\/comments?post=56635"}],"version-history":[{"count":1,"href":"https:\/\/eldiariodesanpedro.com.ar\/sitio\/wp-json\/wp\/v2\/posts\/56635\/revisions"}],"predecessor-version":[{"id":56637,"href":"https:\/\/eldiariodesanpedro.com.ar\/sitio\/wp-json\/wp\/v2\/posts\/56635\/revisions\/56637"}],"wp:featuredmedia":[{"embeddable":true,"href":"https:\/\/eldiariodesanpedro.com.ar\/sitio\/wp-json\/wp\/v2\/media\/56636"}],"wp:attachment":[{"href":"https:\/\/eldiariodesanpedro.com.ar\/sitio\/wp-json\/wp\/v2\/media?parent=56635"}],"wp:term":[{"taxonomy":"category","embeddable":true,"href":"https:\/\/eldiariodesanpedro.com.ar\/sitio\/wp-json\/wp\/v2\/categories?post=56635"},{"taxonomy":"post_tag","embeddable":true,"href":"https:\/\/eldiariodesanpedro.com.ar\/sitio\/wp-json\/wp\/v2\/tags?post=56635"}],"curies":[{"name":"wp","href":"https:\/\/api.w.org\/{rel}","templated":true}]}}