{"id":56633,"date":"2019-07-22T16:22:19","date_gmt":"2019-07-22T19:22:19","guid":{"rendered":"https:\/\/eldiariodesanpedro.com.ar\/sitio\/?p=56633"},"modified":"2019-07-22T16:22:23","modified_gmt":"2019-07-22T19:22:23","slug":"ramallo-derribaron-un-bunker","status":"publish","type":"post","link":"https:\/\/eldiariodesanpedro.com.ar\/sitio\/ramallo-derribaron-un-bunker\/","title":{"rendered":"RAMALLO | Derribaron un \u00abbunker\u00bb"},"content":{"rendered":"<!-- VideographyWP Plugin Message: Automatic video embedding prevented by plugin options. -->\n\n<p>Este martes 17 de julio, personal de la Comisar\u00eda Primera de Ramallo realiz\u00f3 un operativo en una vivienda usurpada en la calle Juan B. Justo al 1300 de la ciudad de Ramallo.<\/p>\n\n\n\n<p>La medida fue dispuesta por el Juzgado de Paz de Ramallo, que procedi\u00f3 a desalojar el inmueble, tras una causa por usurpaci\u00f3n.<\/p>\n\n\n\n<p>El domicilio estaba sindicado como un punto de ventas de drogas, que fue allanado d\u00edas atr\u00e1s con resultados positivos, donde a\u00fan se encuentra un detenido por esa causa.<\/p>\n\n\n\n<p>Finalizado el desalojo, el propietario legal de la vivienda pidi\u00f3 que se derrumbe la casa, para evitar futuras ocupaciones. Es la primera vez en la historia de Ramallo que se destruye un punto de venta de drogas, luego de desbaratar el circuito de comercializaci\u00f3n.<\/p>\n\n\n\n<p>Fuente: Ramallo Ciudad<\/p>\n","protected":false},"excerpt":{"rendered":"<p>Este martes 17 de julio, personal de la Comisar\u00eda Primera de Ramallo realiz\u00f3 un operativo en una vivienda usurpada en la calle Juan B. Justo al 1300 de la ciudad de Ramallo. La medida fue dispuesta por el Juzgado de Paz de Ramallo, que procedi\u00f3 a desalojar el inmueble, tras una causa por usurpaci\u00f3n. El [&hellip;]<\/p>\n","protected":false},"author":4,"featured_media":0,"comment_status":"open","ping_status":"closed","sticky":false,"template":"","format":"standard","meta":{"om_disable_all_campaigns":false,"_jetpack_memberships_contains_paid_content":false,"footnotes":""},"categories":[621],"tags":[],"class_list":["post-56633","post","type-post","status-publish","format-standard","hentry","category-regionales"],"aioseo_notices":[],"gutentor_comment":0,"jetpack_featured_media_url":"","jetpack_shortlink":"https:\/\/wp.me\/p6RhLt-eJr","jetpack_sharing_enabled":true,"_links":{"self":[{"href":"https:\/\/eldiariodesanpedro.com.ar\/sitio\/wp-json\/wp\/v2\/posts\/56633","targetHints":{"allow":["GET"]}}],"collection":[{"href":"https:\/\/eldiariodesanpedro.com.ar\/sitio\/wp-json\/wp\/v2\/posts"}],"about":[{"href":"https:\/\/eldiariodesanpedro.com.ar\/sitio\/wp-json\/wp\/v2\/types\/post"}],"author":[{"embeddable":true,"href":"https:\/\/eldiariodesanpedro.com.ar\/sitio\/wp-json\/wp\/v2\/users\/4"}],"replies":[{"embeddable":true,"href":"https:\/\/eldiariodesanpedro.com.ar\/sitio\/wp-json\/wp\/v2\/comments?post=56633"}],"version-history":[{"count":1,"href":"https:\/\/eldiariodesanpedro.com.ar\/sitio\/wp-json\/wp\/v2\/posts\/56633\/revisions"}],"predecessor-version":[{"id":56634,"href":"https:\/\/eldiariodesanpedro.com.ar\/sitio\/wp-json\/wp\/v2\/posts\/56633\/revisions\/56634"}],"wp:attachment":[{"href":"https:\/\/eldiariodesanpedro.com.ar\/sitio\/wp-json\/wp\/v2\/media?parent=56633"}],"wp:term":[{"taxonomy":"category","embeddable":true,"href":"https:\/\/eldiariodesanpedro.com.ar\/sitio\/wp-json\/wp\/v2\/categories?post=56633"},{"taxonomy":"post_tag","embeddable":true,"href":"https:\/\/eldiariodesanpedro.com.ar\/sitio\/wp-json\/wp\/v2\/tags?post=56633"}],"curies":[{"name":"wp","href":"https:\/\/api.w.org\/{rel}","templated":true}]}}