{"id":56618,"date":"2019-07-22T10:36:38","date_gmt":"2019-07-22T13:36:38","guid":{"rendered":"https:\/\/eldiariodesanpedro.com.ar\/sitio\/?p=56618"},"modified":"2019-07-22T10:36:42","modified_gmt":"2019-07-22T13:36:42","slug":"el-congreso-de-la-nacion-declaro-de-interes-un-hallazgo-del-grupo-conservacionista-de-fosiles","status":"publish","type":"post","link":"https:\/\/eldiariodesanpedro.com.ar\/sitio\/el-congreso-de-la-nacion-declaro-de-interes-un-hallazgo-del-grupo-conservacionista-de-fosiles\/","title":{"rendered":"El congreso de la Naci\u00f3n declar\u00f3 de inter\u00e9s un hallazgo del Grupo Conservacionista de F\u00f3siles"},"content":{"rendered":"<!-- VideographyWP Plugin Message: Automatic video embedding prevented by plugin options. -->\n\n<p>La C\u00e1mara de Diputados de la Naci\u00f3n ha declarado de inter\u00e9s \u201cla labor llevada a cabo por el Grupo Conservacionista de F\u00f3siles de San Pedro con el descubrimiento del Arctotherium angustidens, un oso de cara corta extinto hace 700.000 a\u00f1os\u201d.<\/p>\n\n\n\n<p>  El proyecto, presentado por el Diputado Carlos Gast\u00f3n Roma (PRO), fue evaluado por los miembros de la Comisi\u00f3n de Ciencia, Tecnolog\u00eda e Innovaci\u00f3n Productiva y obtuvo dictamen favorable. La resoluci\u00f3n en la que se declara de inter\u00e9s de la Honorable C\u00e1mara el descubrimiento realizado en San Pedro por el equipo del Museo Paleontol\u00f3gico, fue publicado bajo el Orden del D\u00eda N\u00ba1104.<\/p>\n\n\n\n<p>Los restos muy bien preservados de este oso gigantesco que habit\u00f3 la regi\u00f3n pampeana prehist\u00f3rica durante la edad Ensenadense, fueron descubiertos en el predio de la empresa Tosquera San Pedro, de la familia Iglesias, en conjunto con el maquinista Fausto Capre, y est\u00e1n siendo estudiados por el Dr. Leopoldo Soibelzon, del Museo de Ciencias Naturales de La Plata. <\/p>\n\n\n\n<p>Del ejemplar, presentado en el mes de marzo, se hallaron el cr\u00e1neo y mand\u00edbulas en excelente estado de conservaci\u00f3n, junto a v\u00e9rtebras, pelvis, radio y h\u00famero del animal. La noticia de este descubrimiento trascendi\u00f3 las fronteras de nuestro pa\u00eds llegando a lugares como Espa\u00f1a, Francia, Rusia, Estados Unidos y numerosos pa\u00edses de Am\u00e9rica Latina, Europa y Asia, adem\u00e1s de todo el territorio nacional.<\/p>\n\n\n\n<p>Desde el Grupo Conservacionista de F\u00f3siles se agradece a los Dres. Alejandro Dom\u00ednguez y Ariel Pfurr, asesores del Diputado Roma, con quienes se interactu\u00f3  para lograr este important\u00edsimo aval institucional.  <\/p>\n\n\n\n<figure class=\"wp-block-image\"><img decoding=\"async\" width=\"729\" height=\"1076\" data-attachment-id=\"56621\" data-permalink=\"https:\/\/eldiariodesanpedro.com.ar\/sitio\/el-congreso-de-la-nacion-declaro-de-interes-un-hallazgo-del-grupo-conservacionista-de-fosiles\/orden-del-dia-1104-2019\/\" data-orig-file=\"https:\/\/eldiariodesanpedro.com.ar\/sitio\/wp-content\/uploads\/2019\/07\/ORDEN-DEL-D\u00cdA-1104-2019.jpg\" data-orig-size=\"729,1076\" data-comments-opened=\"1\" data-image-meta=\"{&quot;aperture&quot;:&quot;0&quot;,&quot;credit&quot;:&quot;&quot;,&quot;camera&quot;:&quot;&quot;,&quot;caption&quot;:&quot;&quot;,&quot;created_timestamp&quot;:&quot;0&quot;,&quot;copyright&quot;:&quot;&quot;,&quot;focal_length&quot;:&quot;0&quot;,&quot;iso&quot;:&quot;0&quot;,&quot;shutter_speed&quot;:&quot;0&quot;,&quot;title&quot;:&quot;&quot;,&quot;orientation&quot;:&quot;0&quot;}\" data-image-title=\"ORDEN DEL D\u00cdA 1104-2019\" data-image-description=\"\" data-image-caption=\"\" data-large-file=\"https:\/\/eldiariodesanpedro.com.ar\/sitio\/wp-content\/uploads\/2019\/07\/ORDEN-DEL-D\u00cdA-1104-2019-694x1024.jpg\" data-src=\"https:\/\/i1.wp.com\/eldiariodesanpedro.com.ar\/sitio\/wp-content\/uploads\/2019\/07\/ORDEN-DEL-D\u00cdA-1104-2019.jpg?fit=660%2C974\" alt=\"\" class=\"wp-image-56621 lazyload\" data-srcset=\"https:\/\/eldiariodesanpedro.com.ar\/sitio\/wp-content\/uploads\/2019\/07\/ORDEN-DEL-D\u00cdA-1104-2019.jpg 729w, https:\/\/eldiariodesanpedro.com.ar\/sitio\/wp-content\/uploads\/2019\/07\/ORDEN-DEL-D\u00cdA-1104-2019-203x300.jpg 203w, https:\/\/eldiariodesanpedro.com.ar\/sitio\/wp-content\/uploads\/2019\/07\/ORDEN-DEL-D\u00cdA-1104-2019-694x1024.jpg 694w\" data-sizes=\"(max-width: 729px) 100vw, 729px\" src=\"data:image\/svg+xml;base64,PHN2ZyB3aWR0aD0iMSIgaGVpZ2h0PSIxIiB4bWxucz0iaHR0cDovL3d3dy53My5vcmcvMjAwMC9zdmciPjwvc3ZnPg==\" style=\"--smush-placeholder-width: 729px; --smush-placeholder-aspect-ratio: 729\/1076;\" \/><\/figure>\n","protected":false},"excerpt":{"rendered":"<p>La C\u00e1mara de Diputados de la Naci\u00f3n ha declarado de inter\u00e9s \u201cla labor llevada a cabo por el Grupo Conservacionista de F\u00f3siles de San Pedro con el descubrimiento del Arctotherium angustidens, un oso de cara corta extinto hace 700.000 a\u00f1os\u201d. El proyecto, presentado por el Diputado Carlos Gast\u00f3n Roma (PRO), fue evaluado por los miembros [&hellip;]<\/p>\n","protected":false},"author":4,"featured_media":56620,"comment_status":"open","ping_status":"closed","sticky":false,"template":"","format":"standard","meta":{"om_disable_all_campaigns":false,"_jetpack_memberships_contains_paid_content":false,"footnotes":""},"categories":[101,2],"tags":[],"class_list":["post-56618","post","type-post","status-publish","format-standard","has-post-thumbnail","hentry","category-interes-general-locales","category-locales"],"aioseo_notices":[],"gutentor_comment":0,"jetpack_featured_media_url":"https:\/\/eldiariodesanpedro.com.ar\/sitio\/wp-content\/uploads\/2019\/07\/IMG_20190306_180030_906.jpg","jetpack_shortlink":"https:\/\/wp.me\/p6RhLt-eJc","jetpack_sharing_enabled":true,"_links":{"self":[{"href":"https:\/\/eldiariodesanpedro.com.ar\/sitio\/wp-json\/wp\/v2\/posts\/56618","targetHints":{"allow":["GET"]}}],"collection":[{"href":"https:\/\/eldiariodesanpedro.com.ar\/sitio\/wp-json\/wp\/v2\/posts"}],"about":[{"href":"https:\/\/eldiariodesanpedro.com.ar\/sitio\/wp-json\/wp\/v2\/types\/post"}],"author":[{"embeddable":true,"href":"https:\/\/eldiariodesanpedro.com.ar\/sitio\/wp-json\/wp\/v2\/users\/4"}],"replies":[{"embeddable":true,"href":"https:\/\/eldiariodesanpedro.com.ar\/sitio\/wp-json\/wp\/v2\/comments?post=56618"}],"version-history":[{"count":1,"href":"https:\/\/eldiariodesanpedro.com.ar\/sitio\/wp-json\/wp\/v2\/posts\/56618\/revisions"}],"predecessor-version":[{"id":56622,"href":"https:\/\/eldiariodesanpedro.com.ar\/sitio\/wp-json\/wp\/v2\/posts\/56618\/revisions\/56622"}],"wp:featuredmedia":[{"embeddable":true,"href":"https:\/\/eldiariodesanpedro.com.ar\/sitio\/wp-json\/wp\/v2\/media\/56620"}],"wp:attachment":[{"href":"https:\/\/eldiariodesanpedro.com.ar\/sitio\/wp-json\/wp\/v2\/media?parent=56618"}],"wp:term":[{"taxonomy":"category","embeddable":true,"href":"https:\/\/eldiariodesanpedro.com.ar\/sitio\/wp-json\/wp\/v2\/categories?post=56618"},{"taxonomy":"post_tag","embeddable":true,"href":"https:\/\/eldiariodesanpedro.com.ar\/sitio\/wp-json\/wp\/v2\/tags?post=56618"}],"curies":[{"name":"wp","href":"https:\/\/api.w.org\/{rel}","templated":true}]}}