{"id":56614,"date":"2019-07-22T10:22:23","date_gmt":"2019-07-22T13:22:23","guid":{"rendered":"https:\/\/eldiariodesanpedro.com.ar\/sitio\/?p=56614"},"modified":"2019-07-22T10:22:27","modified_gmt":"2019-07-22T13:22:27","slug":"aprehendido-por-resistencia-a-la-autoridad","status":"publish","type":"post","link":"https:\/\/eldiariodesanpedro.com.ar\/sitio\/aprehendido-por-resistencia-a-la-autoridad\/","title":{"rendered":"Aprehendido por resistencia a la autoridad"},"content":{"rendered":"<!-- VideographyWP Plugin Message: Automatic video embedding prevented by plugin options. -->\n\n<p>En el marco marco de operativos dispuesto por la superioridad en barrios conflictivos, personal Departamental de Jefatura San Nicolas GAD procedi\u00f3 a la aprehensi\u00f3n de un sujeto con un arma blanca de tipo casera en su poder.<\/p>\n\n\n\n<p>El joven de 20 a\u00f1os de edad se encontraba en calle Quiroga al 1045, barrio 2 de Abril, quien al momento de su identificaci\u00f3n  se resisti\u00f3 al accionar policial y de manera hostil violenta se enfrent\u00f3 a los efectivos amenazando con un arma blanca.<\/p>\n\n\n\n<p>Finalmente fue reducido, secuestrandole el elemento y trasladandolo a la sede judicial.<\/p>\n","protected":false},"excerpt":{"rendered":"<p>En el marco marco de operativos dispuesto por la superioridad en barrios conflictivos, personal Departamental de Jefatura San Nicolas GAD procedi\u00f3 a la aprehensi\u00f3n de un sujeto con un arma blanca de tipo casera en su poder. El joven de 20 a\u00f1os de edad se encontraba en calle Quiroga al 1045, barrio 2 de Abril, [&hellip;]<\/p>\n","protected":false},"author":4,"featured_media":56612,"comment_status":"open","ping_status":"closed","sticky":false,"template":"","format":"standard","meta":{"om_disable_all_campaigns":false,"_jetpack_memberships_contains_paid_content":false,"footnotes":""},"categories":[2,103],"tags":[],"class_list":["post-56614","post","type-post","status-publish","format-standard","has-post-thumbnail","hentry","category-locales","category-policiales-locales"],"aioseo_notices":[],"gutentor_comment":0,"jetpack_featured_media_url":"https:\/\/eldiariodesanpedro.com.ar\/sitio\/wp-content\/uploads\/2019\/07\/IMG-20190721-WA0039.jpg","jetpack_shortlink":"https:\/\/wp.me\/p6RhLt-eJ8","jetpack_sharing_enabled":true,"_links":{"self":[{"href":"https:\/\/eldiariodesanpedro.com.ar\/sitio\/wp-json\/wp\/v2\/posts\/56614","targetHints":{"allow":["GET"]}}],"collection":[{"href":"https:\/\/eldiariodesanpedro.com.ar\/sitio\/wp-json\/wp\/v2\/posts"}],"about":[{"href":"https:\/\/eldiariodesanpedro.com.ar\/sitio\/wp-json\/wp\/v2\/types\/post"}],"author":[{"embeddable":true,"href":"https:\/\/eldiariodesanpedro.com.ar\/sitio\/wp-json\/wp\/v2\/users\/4"}],"replies":[{"embeddable":true,"href":"https:\/\/eldiariodesanpedro.com.ar\/sitio\/wp-json\/wp\/v2\/comments?post=56614"}],"version-history":[{"count":1,"href":"https:\/\/eldiariodesanpedro.com.ar\/sitio\/wp-json\/wp\/v2\/posts\/56614\/revisions"}],"predecessor-version":[{"id":56615,"href":"https:\/\/eldiariodesanpedro.com.ar\/sitio\/wp-json\/wp\/v2\/posts\/56614\/revisions\/56615"}],"wp:featuredmedia":[{"embeddable":true,"href":"https:\/\/eldiariodesanpedro.com.ar\/sitio\/wp-json\/wp\/v2\/media\/56612"}],"wp:attachment":[{"href":"https:\/\/eldiariodesanpedro.com.ar\/sitio\/wp-json\/wp\/v2\/media?parent=56614"}],"wp:term":[{"taxonomy":"category","embeddable":true,"href":"https:\/\/eldiariodesanpedro.com.ar\/sitio\/wp-json\/wp\/v2\/categories?post=56614"},{"taxonomy":"post_tag","embeddable":true,"href":"https:\/\/eldiariodesanpedro.com.ar\/sitio\/wp-json\/wp\/v2\/tags?post=56614"}],"curies":[{"name":"wp","href":"https:\/\/api.w.org\/{rel}","templated":true}]}}