{"id":56610,"date":"2019-07-22T10:12:04","date_gmt":"2019-07-22T13:12:04","guid":{"rendered":"https:\/\/eldiariodesanpedro.com.ar\/sitio\/?p=56610"},"modified":"2019-07-22T10:12:09","modified_gmt":"2019-07-22T13:12:09","slug":"intentaron-arrebatarle-el-celular-y-se-defendio","status":"publish","type":"post","link":"https:\/\/eldiariodesanpedro.com.ar\/sitio\/intentaron-arrebatarle-el-celular-y-se-defendio\/","title":{"rendered":"Intentaron arrebatarle el celular y se defendi\u00f3"},"content":{"rendered":"<!-- VideographyWP Plugin Message: Automatic video embedding prevented by plugin options. -->\n\n<p>Sucedi\u00f3 este domingo por la ma\u00f1ana, el ciudadano circulaba por calle Chacabuco al 500 y es sorprendido por dos delincuentes.<\/p>\n\n\n\n<p>El hombre de 58 a\u00f1os de edad, evita el hecho delictivo defendi\u00e9ndose con un  objeto contundente  que levanta del suelo.<\/p>\n\n\n\n<p>Los malvivientes emprenden fuga sin consumar el hecho.<\/p>\n\n\n\n<p><\/p>\n\n\n\n<p><\/p>\n","protected":false},"excerpt":{"rendered":"<p>Sucedi\u00f3 este domingo por la ma\u00f1ana, el ciudadano circulaba por calle Chacabuco al 500 y es sorprendido por dos delincuentes. El hombre de 58 a\u00f1os de edad, evita el hecho delictivo defendi\u00e9ndose con un objeto contundente que levanta del suelo. Los malvivientes emprenden fuga sin consumar el hecho.<\/p>\n","protected":false},"author":4,"featured_media":56462,"comment_status":"open","ping_status":"closed","sticky":false,"template":"","format":"standard","meta":{"om_disable_all_campaigns":false,"_jetpack_memberships_contains_paid_content":false,"footnotes":""},"categories":[2,103],"tags":[],"class_list":["post-56610","post","type-post","status-publish","format-standard","has-post-thumbnail","hentry","category-locales","category-policiales-locales"],"aioseo_notices":[],"gutentor_comment":0,"jetpack_featured_media_url":"https:\/\/eldiariodesanpedro.com.ar\/sitio\/wp-content\/uploads\/2019\/07\/nuevos-patrulleros-policia-02_5.jpg","jetpack_shortlink":"https:\/\/wp.me\/p6RhLt-eJ4","jetpack_sharing_enabled":true,"_links":{"self":[{"href":"https:\/\/eldiariodesanpedro.com.ar\/sitio\/wp-json\/wp\/v2\/posts\/56610","targetHints":{"allow":["GET"]}}],"collection":[{"href":"https:\/\/eldiariodesanpedro.com.ar\/sitio\/wp-json\/wp\/v2\/posts"}],"about":[{"href":"https:\/\/eldiariodesanpedro.com.ar\/sitio\/wp-json\/wp\/v2\/types\/post"}],"author":[{"embeddable":true,"href":"https:\/\/eldiariodesanpedro.com.ar\/sitio\/wp-json\/wp\/v2\/users\/4"}],"replies":[{"embeddable":true,"href":"https:\/\/eldiariodesanpedro.com.ar\/sitio\/wp-json\/wp\/v2\/comments?post=56610"}],"version-history":[{"count":2,"href":"https:\/\/eldiariodesanpedro.com.ar\/sitio\/wp-json\/wp\/v2\/posts\/56610\/revisions"}],"predecessor-version":[{"id":56613,"href":"https:\/\/eldiariodesanpedro.com.ar\/sitio\/wp-json\/wp\/v2\/posts\/56610\/revisions\/56613"}],"wp:featuredmedia":[{"embeddable":true,"href":"https:\/\/eldiariodesanpedro.com.ar\/sitio\/wp-json\/wp\/v2\/media\/56462"}],"wp:attachment":[{"href":"https:\/\/eldiariodesanpedro.com.ar\/sitio\/wp-json\/wp\/v2\/media?parent=56610"}],"wp:term":[{"taxonomy":"category","embeddable":true,"href":"https:\/\/eldiariodesanpedro.com.ar\/sitio\/wp-json\/wp\/v2\/categories?post=56610"},{"taxonomy":"post_tag","embeddable":true,"href":"https:\/\/eldiariodesanpedro.com.ar\/sitio\/wp-json\/wp\/v2\/tags?post=56610"}],"curies":[{"name":"wp","href":"https:\/\/api.w.org\/{rel}","templated":true}]}}