{"id":5660,"date":"2016-06-22T20:30:32","date_gmt":"2016-06-22T23:30:32","guid":{"rendered":"https:\/\/eldiariodesanpedro.com.ar\/sitio\/?p=5660"},"modified":"2016-06-22T20:30:32","modified_gmt":"2016-06-22T23:30:32","slug":"la-anses-abona-la-asignacion-familiar-por-prenatal","status":"publish","type":"post","link":"https:\/\/eldiariodesanpedro.com.ar\/sitio\/la-anses-abona-la-asignacion-familiar-por-prenatal\/","title":{"rendered":"La ANSES abona la Asignaci\u00f3n Familiar por prenatal"},"content":{"rendered":"<p><!-- VideographyWP Plugin Message: Automatic video embedding prevented by plugin options. --><br \/>\nLa Asignaci\u00f3n Familiar por Prenatal es el pago que realiza la ANSES al trabajador registrado, titular de la Prestaci\u00f3n por Desempleo, de la prestaci\u00f3n de una Aseguradora de Riesgos del Trabajo, de la Pensi\u00f3n Honor\u00edfica de Veteranos de Guerra del Atl\u00e1ntico Sur y monotributistas de las categor\u00edas \u201cB\u201d a \u201cI\u201d inclusive durante los meses de gestaci\u00f3n y hasta el nacimiento o interrupci\u00f3n del embarazo, siempre que no exceda las nueve mensualidades y el ingreso familiar no supere los $60.000.<br \/>\nLa titular (cualquiera sea su estado civil) debe contar con una antig\u00fcedad laboral m\u00ednima y continuada de tres meses a la fecha de concepci\u00f3n, para que la asignaci\u00f3n pueda ser percibida junto con el haber mensual; a excepci\u00f3n de los titulares de la Prestaci\u00f3n por Desempleo y de la Pensi\u00f3n Honor\u00edfica de Veteranos de Guerra del Atl\u00e1ntico Sur que no requieren antig\u00fcedad.<br \/>\nEn caso que quien lo perciba sea un titular masculino, deber\u00e1 tener acreditada ante la ANSES la relaci\u00f3n de matrimonio o convivencia con la mujer embarazada.<br \/>\nAsimismo, la ANSES informa que hoy, 23 de junio, cobran los jubilados y pensionados cuyos haberes superan los $5634 y sus documentos terminan en 0 y 1. Los calendarios de pagos de todas las prestaciones pueden consultarse en www.anses.gob.ar.<\/p>\n","protected":false},"excerpt":{"rendered":"<p>La Asignaci\u00f3n Familiar por Prenatal es el pago que realiza la ANSES al trabajador registrado, titular de la Prestaci\u00f3n por Desempleo, de la prestaci\u00f3n de una Aseguradora de Riesgos del Trabajo, de la Pensi\u00f3n Honor\u00edfica de Veteranos de Guerra del Atl\u00e1ntico Sur y monotributistas de las categor\u00edas \u201cB\u201d a \u201cI\u201d inclusive durante los meses de [&hellip;]<\/p>\n","protected":false},"author":4,"featured_media":5359,"comment_status":"open","ping_status":"closed","sticky":false,"template":"","format":"standard","meta":{"om_disable_all_campaigns":false,"_jetpack_memberships_contains_paid_content":false,"footnotes":""},"categories":[101,2],"tags":[],"class_list":["post-5660","post","type-post","status-publish","format-standard","has-post-thumbnail","hentry","category-interes-general-locales","category-locales"],"aioseo_notices":[],"gutentor_comment":0,"jetpack_featured_media_url":"https:\/\/eldiariodesanpedro.com.ar\/sitio\/wp-content\/uploads\/2016\/06\/anses.jpg","jetpack_shortlink":"https:\/\/wp.me\/p6RhLt-1ti","jetpack_sharing_enabled":true,"_links":{"self":[{"href":"https:\/\/eldiariodesanpedro.com.ar\/sitio\/wp-json\/wp\/v2\/posts\/5660","targetHints":{"allow":["GET"]}}],"collection":[{"href":"https:\/\/eldiariodesanpedro.com.ar\/sitio\/wp-json\/wp\/v2\/posts"}],"about":[{"href":"https:\/\/eldiariodesanpedro.com.ar\/sitio\/wp-json\/wp\/v2\/types\/post"}],"author":[{"embeddable":true,"href":"https:\/\/eldiariodesanpedro.com.ar\/sitio\/wp-json\/wp\/v2\/users\/4"}],"replies":[{"embeddable":true,"href":"https:\/\/eldiariodesanpedro.com.ar\/sitio\/wp-json\/wp\/v2\/comments?post=5660"}],"version-history":[{"count":1,"href":"https:\/\/eldiariodesanpedro.com.ar\/sitio\/wp-json\/wp\/v2\/posts\/5660\/revisions"}],"predecessor-version":[{"id":5661,"href":"https:\/\/eldiariodesanpedro.com.ar\/sitio\/wp-json\/wp\/v2\/posts\/5660\/revisions\/5661"}],"wp:featuredmedia":[{"embeddable":true,"href":"https:\/\/eldiariodesanpedro.com.ar\/sitio\/wp-json\/wp\/v2\/media\/5359"}],"wp:attachment":[{"href":"https:\/\/eldiariodesanpedro.com.ar\/sitio\/wp-json\/wp\/v2\/media?parent=5660"}],"wp:term":[{"taxonomy":"category","embeddable":true,"href":"https:\/\/eldiariodesanpedro.com.ar\/sitio\/wp-json\/wp\/v2\/categories?post=5660"},{"taxonomy":"post_tag","embeddable":true,"href":"https:\/\/eldiariodesanpedro.com.ar\/sitio\/wp-json\/wp\/v2\/tags?post=5660"}],"curies":[{"name":"wp","href":"https:\/\/api.w.org\/{rel}","templated":true}]}}