{"id":56583,"date":"2019-07-21T18:37:09","date_gmt":"2019-07-21T21:37:09","guid":{"rendered":"https:\/\/eldiariodesanpedro.com.ar\/sitio\/?p=56583"},"modified":"2019-07-21T18:37:13","modified_gmt":"2019-07-21T21:37:13","slug":"un-menor-aprehendido-por-intento-de-robo","status":"publish","type":"post","link":"https:\/\/eldiariodesanpedro.com.ar\/sitio\/un-menor-aprehendido-por-intento-de-robo\/","title":{"rendered":"Un menor aprehendido por intento de robo"},"content":{"rendered":"<!-- VideographyWP Plugin Message: Automatic video embedding prevented by plugin options. -->\n\n<p>Este domingo en horas de la madrugada, en la intersecci\u00f3n de las calles\u00a0 Bvrd Moreno y Javier Rivero, el personal policial a bordo de una patrulla es interceptado por la un joven v\u00edctima de robo, quien alerta que momentos antes en Bvrd Moreno y Cruz Roja, varios NN habr\u00edan intentado cometer il\u00edcito intimidando con arma blanca, no logrando cometido, indicando lugar de fuga, caracter\u00edstica f\u00edsica y vestimenta, por lo que en Balcarce entre Rivero y Cruz Roja dan alcance sujeto similares caracter\u00edsticas y tras darle voz de alto, hace caso omiso, motivo por el cual efectivos policiales emprenden persecuci\u00f3n a pie donde masculino tras verse alcanzado se da vueltas con arma blanca en mano a la vez que continua fuga, hasta finalmente logra reducir masculino, procediendo a su aprehensi\u00f3n y secuestro su poder arma blanca, identificado como menor de edad 17 a\u00f1os. <\/p>\n","protected":false},"excerpt":{"rendered":"<p>Este domingo en horas de la madrugada, en la intersecci\u00f3n de las calles\u00a0 Bvrd Moreno y Javier Rivero, el personal policial a bordo de una patrulla es interceptado por la un joven v\u00edctima de robo, quien alerta que momentos antes en Bvrd Moreno y Cruz Roja, varios NN habr\u00edan intentado cometer il\u00edcito intimidando con arma [&hellip;]<\/p>\n","protected":false},"author":4,"featured_media":56528,"comment_status":"open","ping_status":"closed","sticky":false,"template":"","format":"standard","meta":{"om_disable_all_campaigns":false,"_jetpack_memberships_contains_paid_content":false,"footnotes":""},"categories":[2,103],"tags":[],"class_list":["post-56583","post","type-post","status-publish","format-standard","has-post-thumbnail","hentry","category-locales","category-policiales-locales"],"aioseo_notices":[],"gutentor_comment":0,"jetpack_featured_media_url":"https:\/\/eldiariodesanpedro.com.ar\/sitio\/wp-content\/uploads\/2019\/07\/patrulla66-1024x680.jpg","jetpack_shortlink":"https:\/\/wp.me\/p6RhLt-eID","jetpack_sharing_enabled":true,"_links":{"self":[{"href":"https:\/\/eldiariodesanpedro.com.ar\/sitio\/wp-json\/wp\/v2\/posts\/56583","targetHints":{"allow":["GET"]}}],"collection":[{"href":"https:\/\/eldiariodesanpedro.com.ar\/sitio\/wp-json\/wp\/v2\/posts"}],"about":[{"href":"https:\/\/eldiariodesanpedro.com.ar\/sitio\/wp-json\/wp\/v2\/types\/post"}],"author":[{"embeddable":true,"href":"https:\/\/eldiariodesanpedro.com.ar\/sitio\/wp-json\/wp\/v2\/users\/4"}],"replies":[{"embeddable":true,"href":"https:\/\/eldiariodesanpedro.com.ar\/sitio\/wp-json\/wp\/v2\/comments?post=56583"}],"version-history":[{"count":1,"href":"https:\/\/eldiariodesanpedro.com.ar\/sitio\/wp-json\/wp\/v2\/posts\/56583\/revisions"}],"predecessor-version":[{"id":56584,"href":"https:\/\/eldiariodesanpedro.com.ar\/sitio\/wp-json\/wp\/v2\/posts\/56583\/revisions\/56584"}],"wp:featuredmedia":[{"embeddable":true,"href":"https:\/\/eldiariodesanpedro.com.ar\/sitio\/wp-json\/wp\/v2\/media\/56528"}],"wp:attachment":[{"href":"https:\/\/eldiariodesanpedro.com.ar\/sitio\/wp-json\/wp\/v2\/media?parent=56583"}],"wp:term":[{"taxonomy":"category","embeddable":true,"href":"https:\/\/eldiariodesanpedro.com.ar\/sitio\/wp-json\/wp\/v2\/categories?post=56583"},{"taxonomy":"post_tag","embeddable":true,"href":"https:\/\/eldiariodesanpedro.com.ar\/sitio\/wp-json\/wp\/v2\/tags?post=56583"}],"curies":[{"name":"wp","href":"https:\/\/api.w.org\/{rel}","templated":true}]}}