{"id":56581,"date":"2019-07-21T18:36:18","date_gmt":"2019-07-21T21:36:18","guid":{"rendered":"https:\/\/eldiariodesanpedro.com.ar\/sitio\/?p=56581"},"modified":"2019-07-21T18:36:22","modified_gmt":"2019-07-21T21:36:22","slug":"varios-aprehendidos-por-diferentes-circunstancias","status":"publish","type":"post","link":"https:\/\/eldiariodesanpedro.com.ar\/sitio\/varios-aprehendidos-por-diferentes-circunstancias\/","title":{"rendered":"Varios aprehendidos por diferentes circunstancias"},"content":{"rendered":"<!-- VideographyWP Plugin Message: Automatic video embedding prevented by plugin options. -->\n\n<p>Durante la madrugada de domingo en la intersecci\u00f3n de las calles Cruz Rojas y&nbsp; G\u00fcemes, se aprehende masculino mayor de edad, quien resiste su identificaci\u00f3n secuestrando su poder envoltorio nylon con marihuana.<\/p>\n\n\n\n<p>En horas de la ma\u00f1ana del s\u00e1bado, en Mateo Sbert y D\u00e1vila, se aprehende masculino mayor de edad, quien portaba entre sus prendas arma blanca..<\/p>\n\n\n\n<p>A la tarde en el mismo lugar que el anterior en Mateos Sbert y Davila, se aprehende a menor de 17 a\u00f1os, quien opone resistencia su identificaci\u00f3n, secuestrando su poder dos envoltorios nylon con marihuana y papelillo,&nbsp; dos bolsas con limones y mandarinas de dudosa procedencia. .<\/p>\n\n\n\n<p>En horas de la ma\u00f1ana del mismo d\u00eda, en Mitre y Caseros de esta ciudad, se aprehende&nbsp; masculino mayor de edad, , quien se movilizaba motocicleta Gilera Smash 110 cual registra Pedido Secuestro..<br><\/p>\n","protected":false},"excerpt":{"rendered":"<p>Durante la madrugada de domingo en la intersecci\u00f3n de las calles Cruz Rojas y&nbsp; G\u00fcemes, se aprehende masculino mayor de edad, quien resiste su identificaci\u00f3n secuestrando su poder envoltorio nylon con marihuana. En horas de la ma\u00f1ana del s\u00e1bado, en Mateo Sbert y D\u00e1vila, se aprehende masculino mayor de edad, quien portaba entre sus prendas [&hellip;]<\/p>\n","protected":false},"author":4,"featured_media":56465,"comment_status":"open","ping_status":"closed","sticky":false,"template":"","format":"standard","meta":{"om_disable_all_campaigns":false,"_jetpack_memberships_contains_paid_content":false,"footnotes":""},"categories":[2,103],"tags":[],"class_list":["post-56581","post","type-post","status-publish","format-standard","has-post-thumbnail","hentry","category-locales","category-policiales-locales"],"aioseo_notices":[],"gutentor_comment":0,"jetpack_featured_media_url":"https:\/\/eldiariodesanpedro.com.ar\/sitio\/wp-content\/uploads\/2019\/07\/124174.jpg","jetpack_shortlink":"https:\/\/wp.me\/p6RhLt-eIB","jetpack_sharing_enabled":true,"_links":{"self":[{"href":"https:\/\/eldiariodesanpedro.com.ar\/sitio\/wp-json\/wp\/v2\/posts\/56581","targetHints":{"allow":["GET"]}}],"collection":[{"href":"https:\/\/eldiariodesanpedro.com.ar\/sitio\/wp-json\/wp\/v2\/posts"}],"about":[{"href":"https:\/\/eldiariodesanpedro.com.ar\/sitio\/wp-json\/wp\/v2\/types\/post"}],"author":[{"embeddable":true,"href":"https:\/\/eldiariodesanpedro.com.ar\/sitio\/wp-json\/wp\/v2\/users\/4"}],"replies":[{"embeddable":true,"href":"https:\/\/eldiariodesanpedro.com.ar\/sitio\/wp-json\/wp\/v2\/comments?post=56581"}],"version-history":[{"count":1,"href":"https:\/\/eldiariodesanpedro.com.ar\/sitio\/wp-json\/wp\/v2\/posts\/56581\/revisions"}],"predecessor-version":[{"id":56582,"href":"https:\/\/eldiariodesanpedro.com.ar\/sitio\/wp-json\/wp\/v2\/posts\/56581\/revisions\/56582"}],"wp:featuredmedia":[{"embeddable":true,"href":"https:\/\/eldiariodesanpedro.com.ar\/sitio\/wp-json\/wp\/v2\/media\/56465"}],"wp:attachment":[{"href":"https:\/\/eldiariodesanpedro.com.ar\/sitio\/wp-json\/wp\/v2\/media?parent=56581"}],"wp:term":[{"taxonomy":"category","embeddable":true,"href":"https:\/\/eldiariodesanpedro.com.ar\/sitio\/wp-json\/wp\/v2\/categories?post=56581"},{"taxonomy":"post_tag","embeddable":true,"href":"https:\/\/eldiariodesanpedro.com.ar\/sitio\/wp-json\/wp\/v2\/tags?post=56581"}],"curies":[{"name":"wp","href":"https:\/\/api.w.org\/{rel}","templated":true}]}}