{"id":5658,"date":"2016-06-22T20:28:48","date_gmt":"2016-06-22T23:28:48","guid":{"rendered":"https:\/\/eldiariodesanpedro.com.ar\/sitio\/?p=5658"},"modified":"2016-06-22T20:28:48","modified_gmt":"2016-06-22T23:28:48","slug":"trabajos-de-la-secretaria-de-obras-publicas-6","status":"publish","type":"post","link":"https:\/\/eldiariodesanpedro.com.ar\/sitio\/trabajos-de-la-secretaria-de-obras-publicas-6\/","title":{"rendered":"Trabajos de la Secretar\u00eda de Obras P\u00fablicas"},"content":{"rendered":"<p><!-- VideographyWP Plugin Message: Automatic video embedding prevented by plugin options. --><br \/>\nLa cartera municipal ha actualizado la informaci\u00f3n en torno a la actividades que desarrolla en diferentes puntos de la ciudad.<br \/>\nEn cuanto a la Red Cloacal, se trabaja en calle Payador Sampedrino y Combate El Tala, Garret al 300, M. Fierro al 1000, Gomendio al 3300, Los Andes y Alvarado, Cucit al 900, Cruz Roja al 2000, N. de Torres al 700, H. Yrigoyen al 200, Saavedra y Ansaloni, Alvarado y Los Andes, H. Indio y Bozzano, Basavilbaso al 500, Garret al 100, Gomendio al 2300, D\u00e1vila y C. de Obligado, Larralde y O. C\u00e9zar, Saavedra al 1500, Larralde al 1500, Esqui\u00fa y Gomendio, H. Pueyrred\u00f3n al 900.<br \/>\nEn tanto que en la Red de Agua, se arregla en calle G. Pueyrred\u00f3n al 1500, Del Pardo al 200, Uruguay al 2700, Caseros al 700.<br \/>\nPor su parte, personal del Corral\u00f3n Municipal con una cuadrilla corta pasto en plazoleta de la Madre. Adem\u00e1s, se destapan cunetas y alcantarillas en el B\u00ba H. Indio, al igual que con los desag\u00fces en Av. Costanera.<br \/>\nAsimismo, con un cami\u00f3n se juntan ramas y se lleva tosca a Gob. Castro. Con una retroexcavadora y un cami\u00f3n se tapan baches en inmediaciones de la Escuela N\u00ba 3. Al tiempo, se limpian c\u00e1maras en diferentes zonas.<\/p>\n","protected":false},"excerpt":{"rendered":"<p>La cartera municipal ha actualizado la informaci\u00f3n en torno a la actividades que desarrolla en diferentes puntos de la ciudad. En cuanto a la Red Cloacal, se trabaja en calle Payador Sampedrino y Combate El Tala, Garret al 300, M. Fierro al 1000, Gomendio al 3300, Los Andes y Alvarado, Cucit al 900, Cruz Roja [&hellip;]<\/p>\n","protected":false},"author":4,"featured_media":4965,"comment_status":"open","ping_status":"closed","sticky":false,"template":"","format":"standard","meta":{"om_disable_all_campaigns":false,"_jetpack_memberships_contains_paid_content":false,"footnotes":""},"categories":[101,2],"tags":[],"class_list":["post-5658","post","type-post","status-publish","format-standard","has-post-thumbnail","hentry","category-interes-general-locales","category-locales"],"aioseo_notices":[],"gutentor_comment":0,"jetpack_featured_media_url":"https:\/\/eldiariodesanpedro.com.ar\/sitio\/wp-content\/uploads\/2016\/06\/PAGINA-6.jpeg","jetpack_shortlink":"https:\/\/wp.me\/p6RhLt-1tg","jetpack_sharing_enabled":true,"_links":{"self":[{"href":"https:\/\/eldiariodesanpedro.com.ar\/sitio\/wp-json\/wp\/v2\/posts\/5658","targetHints":{"allow":["GET"]}}],"collection":[{"href":"https:\/\/eldiariodesanpedro.com.ar\/sitio\/wp-json\/wp\/v2\/posts"}],"about":[{"href":"https:\/\/eldiariodesanpedro.com.ar\/sitio\/wp-json\/wp\/v2\/types\/post"}],"author":[{"embeddable":true,"href":"https:\/\/eldiariodesanpedro.com.ar\/sitio\/wp-json\/wp\/v2\/users\/4"}],"replies":[{"embeddable":true,"href":"https:\/\/eldiariodesanpedro.com.ar\/sitio\/wp-json\/wp\/v2\/comments?post=5658"}],"version-history":[{"count":1,"href":"https:\/\/eldiariodesanpedro.com.ar\/sitio\/wp-json\/wp\/v2\/posts\/5658\/revisions"}],"predecessor-version":[{"id":5659,"href":"https:\/\/eldiariodesanpedro.com.ar\/sitio\/wp-json\/wp\/v2\/posts\/5658\/revisions\/5659"}],"wp:featuredmedia":[{"embeddable":true,"href":"https:\/\/eldiariodesanpedro.com.ar\/sitio\/wp-json\/wp\/v2\/media\/4965"}],"wp:attachment":[{"href":"https:\/\/eldiariodesanpedro.com.ar\/sitio\/wp-json\/wp\/v2\/media?parent=5658"}],"wp:term":[{"taxonomy":"category","embeddable":true,"href":"https:\/\/eldiariodesanpedro.com.ar\/sitio\/wp-json\/wp\/v2\/categories?post=5658"},{"taxonomy":"post_tag","embeddable":true,"href":"https:\/\/eldiariodesanpedro.com.ar\/sitio\/wp-json\/wp\/v2\/tags?post=5658"}],"curies":[{"name":"wp","href":"https:\/\/api.w.org\/{rel}","templated":true}]}}