{"id":56576,"date":"2019-07-21T18:31:11","date_gmt":"2019-07-21T21:31:11","guid":{"rendered":"https:\/\/eldiariodesanpedro.com.ar\/sitio\/?p=56576"},"modified":"2019-07-21T18:31:15","modified_gmt":"2019-07-21T21:31:15","slug":"varios-casos-de-hurto-durante-el-fin-de-semana","status":"publish","type":"post","link":"https:\/\/eldiariodesanpedro.com.ar\/sitio\/varios-casos-de-hurto-durante-el-fin-de-semana\/","title":{"rendered":"Varios casos de hurto durante el fin de semana"},"content":{"rendered":"<!-- VideographyWP Plugin Message: Automatic video embedding prevented by plugin options. -->\n\n<p>Este s\u00e1bado en horas de la tarde, el personal policial de nuestra ciudad alertado por v\u00edctima femenina mayor de edad, se aprehendi\u00f3 en fuga menor de 15 a\u00f1os y secuestro su poder vestimentas con etiqueta y precio, quien momentos antes sustrae en comercio tienda \u201cSHEYLA\u201d , ubicado en calle Mitre al 1500&nbsp;<\/p>\n\n\n\n<p>En horas de la madrugada del domingo se recibe la denuncia de un joven mayor de edad, que momentos antes tras salir del boliche en la zona c\u00e9ntrica ubicado sobre calle Mitre y Av. 3 de Febrero, constata que ignorados sin violencia, le sustraen motocicleta Guerrero 110 cc negra, la cual se hallaba estacionada a pocos metros del local bailable.&nbsp;<\/p>\n\n\n\n<p>Adem\u00e1s en horas de la madrugada denuncia vecino que momentos antes constata que ignorados, sin violencia, le sustraen motocicleta Motomel 150 color roja, la cual hab\u00eda dejado estacionada frente a domicilio de calle Riobamba al 800.<br><\/p>\n","protected":false},"excerpt":{"rendered":"<p>Este s\u00e1bado en horas de la tarde, el personal policial de nuestra ciudad alertado por v\u00edctima femenina mayor de edad, se aprehendi\u00f3 en fuga menor de 15 a\u00f1os y secuestro su poder vestimentas con etiqueta y precio, quien momentos antes sustrae en comercio tienda \u201cSHEYLA\u201d , ubicado en calle Mitre al 1500&nbsp; En horas de [&hellip;]<\/p>\n","protected":false},"author":4,"featured_media":56535,"comment_status":"open","ping_status":"closed","sticky":false,"template":"","format":"standard","meta":{"om_disable_all_campaigns":false,"_jetpack_memberships_contains_paid_content":false,"footnotes":""},"categories":[2,103],"tags":[],"class_list":["post-56576","post","type-post","status-publish","format-standard","has-post-thumbnail","hentry","category-locales","category-policiales-locales"],"aioseo_notices":[],"gutentor_comment":0,"jetpack_featured_media_url":"https:\/\/eldiariodesanpedro.com.ar\/sitio\/wp-content\/uploads\/2019\/07\/aprehendido.jpg","jetpack_shortlink":"https:\/\/wp.me\/p6RhLt-eIw","jetpack_sharing_enabled":true,"_links":{"self":[{"href":"https:\/\/eldiariodesanpedro.com.ar\/sitio\/wp-json\/wp\/v2\/posts\/56576","targetHints":{"allow":["GET"]}}],"collection":[{"href":"https:\/\/eldiariodesanpedro.com.ar\/sitio\/wp-json\/wp\/v2\/posts"}],"about":[{"href":"https:\/\/eldiariodesanpedro.com.ar\/sitio\/wp-json\/wp\/v2\/types\/post"}],"author":[{"embeddable":true,"href":"https:\/\/eldiariodesanpedro.com.ar\/sitio\/wp-json\/wp\/v2\/users\/4"}],"replies":[{"embeddable":true,"href":"https:\/\/eldiariodesanpedro.com.ar\/sitio\/wp-json\/wp\/v2\/comments?post=56576"}],"version-history":[{"count":1,"href":"https:\/\/eldiariodesanpedro.com.ar\/sitio\/wp-json\/wp\/v2\/posts\/56576\/revisions"}],"predecessor-version":[{"id":56577,"href":"https:\/\/eldiariodesanpedro.com.ar\/sitio\/wp-json\/wp\/v2\/posts\/56576\/revisions\/56577"}],"wp:featuredmedia":[{"embeddable":true,"href":"https:\/\/eldiariodesanpedro.com.ar\/sitio\/wp-json\/wp\/v2\/media\/56535"}],"wp:attachment":[{"href":"https:\/\/eldiariodesanpedro.com.ar\/sitio\/wp-json\/wp\/v2\/media?parent=56576"}],"wp:term":[{"taxonomy":"category","embeddable":true,"href":"https:\/\/eldiariodesanpedro.com.ar\/sitio\/wp-json\/wp\/v2\/categories?post=56576"},{"taxonomy":"post_tag","embeddable":true,"href":"https:\/\/eldiariodesanpedro.com.ar\/sitio\/wp-json\/wp\/v2\/tags?post=56576"}],"curies":[{"name":"wp","href":"https:\/\/api.w.org\/{rel}","templated":true}]}}